

{"id":9893,"date":"2023-11-28T09:59:20","date_gmt":"2023-11-28T13:59:20","guid":{"rendered":"https:\/\/www.wilhelmy.ca\/fr\/?p=9893"},"modified":"2024-08-12T13:59:53","modified_gmt":"2024-08-12T17:59:53","slug":"session-denregistrement-avec-jerome-ducharme-12-septembre-2023","status":"publish","type":"post","link":"https:\/\/www.wilhelmy.ca\/fr\/2023\/11\/session-denregistrement-avec-jerome-ducharme-12-septembre-2023\/","title":{"rendered":"Session d&rsquo;enregistrement avec J\u00e9r\u00f4me Ducharme &#8211; 12 septembre 2023"},"content":{"rendered":"<p>J&rsquo;ai eu le plaisir de recevoir la visite du guitariste J\u00e9r\u00f4me Ducharme pour une autre s\u00e9ance d&rsquo;enregistrement avec sa guitare de 2015.<br \/>\nTrois pi\u00e8ces comprenant en tout 6 mouvements et vid\u00e9os furent progressivement disponibles au cours de l\u2019automne, et ce dans un ordre pr\u00e9cis propos\u00e9 par J\u00e9r\u00f4me.<br \/>\nAu programme : la \u00ab\u00a0Sonate brillante\u00a0\u00bb op. 15 de Mauro Giuliani, \u00ab\u00a0Les ann\u00e9es syncop\u00e9es\u00a0\u00bb du guitariste\/compositeur Renaud C\u00f4t\u00e9-Gigu\u00e8re, et enfin un mouvement de la suite \u00ab\u00a0LANDSL\u00d6G\u00a0\u00bb de Gulli Bj\u00f6rnsson.<br \/>\nNous avons eu le formidable patronage de \u00ab\u00a0Les Productions d&rsquo;OZ\u00a0\u00bb pour la publication sur leurs canaux des 2 mouvements\/vid\u00e9os de la pi\u00e8ce de Renaud C\u00f4t\u00e9-Gigu\u00e8re.<br \/>\nVoici la s\u00e9rie des 6 vid\u00e9os dans l&rsquo;ordre de parution.<\/p>\n<p>Aux plaisirs de vos \u00e9coutes!<\/p>\n<div class=\"video-container\"><iframe loading=\"lazy\" title=\"YouTube video player\" src=\"https:\/\/www.youtube.com\/embed\/WP_3nrll_0o?si=RSnETV7gnkX6Ugfv\" width=\"560\" height=\"315\" frameborder=\"0\" allowfullscreen=\"allowfullscreen\"><\/iframe><\/div>\n<div class=\"video-container\"><iframe loading=\"lazy\" title=\"YouTube video player\" src=\"https:\/\/www.youtube.com\/embed\/XvOPJjAyndc?si=Vp8UTfIelZEJM5xL\" width=\"560\" height=\"315\" frameborder=\"0\" allowfullscreen=\"allowfullscreen\"><\/iframe><\/div>\n<div class=\"video-container\"><iframe loading=\"lazy\" title=\"YouTube video player\" src=\"https:\/\/www.youtube.com\/embed\/bPQRySXl81Q?si=D8Y69nJYQorIJHZx\" width=\"560\" height=\"315\" frameborder=\"0\" allowfullscreen=\"allowfullscreen\"><\/iframe><\/div>\n<div class=\"video-container\"><iframe loading=\"lazy\" title=\"YouTube video player\" src=\"https:\/\/www.youtube.com\/embed\/mO7bIns6XNw?si=qQNUEmim7XPReRWs\" width=\"560\" height=\"315\" frameborder=\"0\" allowfullscreen=\"allowfullscreen\"><\/iframe><\/div>\n<div class=\"video-container\"><iframe loading=\"lazy\" title=\"YouTube video player\" src=\"https:\/\/www.youtube.com\/embed\/ykg4feiiSO4?si=0CVk9WhpaPjBmGiA\" width=\"560\" height=\"315\" frameborder=\"0\" allowfullscreen=\"allowfullscreen\"><\/iframe><\/div>\n<div class=\"video-container\"><iframe loading=\"lazy\" title=\"YouTube video player\" src=\"https:\/\/www.youtube.com\/embed\/LfD0EygXfnI?si=YLHn8rWRM-Fkq2fs\" width=\"560\" height=\"315\" frameborder=\"0\" allowfullscreen=\"allowfullscreen\"><\/iframe><\/div>\n","protected":false},"excerpt":{"rendered":"<p>J&rsquo;ai eu le plaisir de recevoir la visite du guitariste J\u00e9r\u00f4me Ducharme pour une autre s\u00e9ance d&rsquo;enregistrement avec sa guitare de 2015. Trois pi\u00e8ces comprenant en tout 6 mouvements et vid\u00e9os furent progressivement disponibles au cours de l\u2019automne, et ce dans un ordre pr\u00e9cis propos\u00e9 par J\u00e9r\u00f4me. Au programme : la \u00ab\u00a0Sonate brillante\u00a0\u00bb op. 15 <\/p>\n","protected":false},"author":2,"featured_media":9894,"comment_status":"closed","ping_status":"closed","sticky":false,"template":"","format":"standard","meta":{"footnotes":""},"categories":[60],"tags":[],"class_list":["post-9893","post","type-post","status-publish","format-standard","has-post-thumbnail","hentry","category-series-videos"],"_links":{"self":[{"href":"https:\/\/www.wilhelmy.ca\/fr\/wp-json\/wp\/v2\/posts\/9893","targetHints":{"allow":["GET"]}}],"collection":[{"href":"https:\/\/www.wilhelmy.ca\/fr\/wp-json\/wp\/v2\/posts"}],"about":[{"href":"https:\/\/www.wilhelmy.ca\/fr\/wp-json\/wp\/v2\/types\/post"}],"author":[{"embeddable":true,"href":"https:\/\/www.wilhelmy.ca\/fr\/wp-json\/wp\/v2\/users\/2"}],"replies":[{"embeddable":true,"href":"https:\/\/www.wilhelmy.ca\/fr\/wp-json\/wp\/v2\/comments?post=9893"}],"version-history":[{"count":2,"href":"https:\/\/www.wilhelmy.ca\/fr\/wp-json\/wp\/v2\/posts\/9893\/revisions"}],"predecessor-version":[{"id":9901,"href":"https:\/\/www.wilhelmy.ca\/fr\/wp-json\/wp\/v2\/posts\/9893\/revisions\/9901"}],"wp:featuredmedia":[{"embeddable":true,"href":"https:\/\/www.wilhelmy.ca\/fr\/wp-json\/wp\/v2\/media\/9894"}],"wp:attachment":[{"href":"https:\/\/www.wilhelmy.ca\/fr\/wp-json\/wp\/v2\/media?parent=9893"}],"wp:term":[{"taxonomy":"category","embeddable":true,"href":"https:\/\/www.wilhelmy.ca\/fr\/wp-json\/wp\/v2\/categories?post=9893"},{"taxonomy":"post_tag","embeddable":true,"href":"https:\/\/www.wilhelmy.ca\/fr\/wp-json\/wp\/v2\/tags?post=9893"}],"curies":[{"name":"wp","href":"https:\/\/api.w.org\/{rel}","templated":true}]}}