

{"id":9412,"date":"2022-04-27T14:36:28","date_gmt":"2022-04-27T19:36:28","guid":{"rendered":"https:\/\/www.wilhelmy.ca\/fr\/?p=9412"},"modified":"2024-07-16T12:20:52","modified_gmt":"2024-07-16T16:20:52","slug":"9412","status":"publish","type":"post","link":"https:\/\/www.wilhelmy.ca\/fr\/2022\/04\/9412\/","title":{"rendered":"Concertf\u00e9rence le 5 mai prochain &#8211; Guitare en harmonie naturelle"},"content":{"rendered":"<p>Suite \u00e0 tout pr\u00e8s de plusieurs mois d&rsquo;\u00e9changes et de d\u00e9veloppement avec le compositeur Simon Martin et l&rsquo;\u00e9cole Lutherie-Guitare Bruand, une premi\u00e8re conf\u00e9rence aura lieu le 5 main prochain sur le sujet. Simon Martin \u00e9laborera sur son approche musicale en relation avec le prototype \u00e9labor\u00e9, et le guitariste J\u00e9r\u00f4me Ducharme jouera des extraits sur cette guitare en harmonie naturelle. Pour ma part je serai pr\u00e9sent et dispos\u00e9 \u00e0 r\u00e9pondre \u00e0 quelques questions au besoin.<\/p>\n<p><a href=\"https:\/\/fb.me\/e\/1xJp4iGWb\" target=\"_blank\" rel=\"noopener\">Concerf\u00e9rence &#8211; Guitare en harmonie naturelle<\/a><\/p>\n<p><a href=\"https:\/\/fb.me\/e\/1xJp4iGWb\" target=\"_blank\" rel=\"noopener\"><img class=\"alignnone wp-image-9421 size-medium\" data-src=\"https:\/\/www.wilhelmy.ca\/fr\/wp-content\/uploads\/2022\/04\/concertference-5_mai_2022-750x422.jpg\" alt=\"\" width=\"750\" height=\"422\" srcset=\"https:\/\/www.wilhelmy.ca\/fr\/wp-content\/uploads\/2022\/04\/concertference-5_mai_2022-750x422.jpg 750w, https:\/\/www.wilhelmy.ca\/fr\/wp-content\/uploads\/2022\/04\/concertference-5_mai_2022-1200x675.jpg 1200w, https:\/\/www.wilhelmy.ca\/fr\/wp-content\/uploads\/2022\/04\/concertference-5_mai_2022-768x432.jpg 768w, https:\/\/www.wilhelmy.ca\/fr\/wp-content\/uploads\/2022\/04\/concertference-5_mai_2022-1536x864.jpg 1536w, https:\/\/www.wilhelmy.ca\/fr\/wp-content\/uploads\/2022\/04\/concertference-5_mai_2022.jpg 1920w\" sizes=\"(max-width: 750px) 100vw, 750px\" \/><\/a><\/p>\n<p><a href=\"https:\/\/www.wilhelmy.ca\/fr\/wp-content\/uploads\/2022\/04\/2021-11_DSCF6642-1-scaled.jpg\" rel=\"lightbox[9412]\"><img class=\"alignnone wp-image-9415 size-medium\" data-src=\"https:\/\/www.wilhelmy.ca\/fr\/wp-content\/uploads\/2022\/04\/2021-11_DSCF6642-1-563x750.jpg\" alt=\"\" width=\"563\" height=\"750\" srcset=\"https:\/\/www.wilhelmy.ca\/fr\/wp-content\/uploads\/2022\/04\/2021-11_DSCF6642-1-563x750.jpg 563w, https:\/\/www.wilhelmy.ca\/fr\/wp-content\/uploads\/2022\/04\/2021-11_DSCF6642-1-900x1200.jpg 900w, https:\/\/www.wilhelmy.ca\/fr\/wp-content\/uploads\/2022\/04\/2021-11_DSCF6642-1-768x1024.jpg 768w, https:\/\/www.wilhelmy.ca\/fr\/wp-content\/uploads\/2022\/04\/2021-11_DSCF6642-1-1152x1536.jpg 1152w, https:\/\/www.wilhelmy.ca\/fr\/wp-content\/uploads\/2022\/04\/2021-11_DSCF6642-1-1536x2048.jpg 1536w, https:\/\/www.wilhelmy.ca\/fr\/wp-content\/uploads\/2022\/04\/2021-11_DSCF6642-1-scaled.jpg 1920w\" sizes=\"(max-width: 563px) 100vw, 563px\" \/><\/a><\/p>\n","protected":false},"excerpt":{"rendered":"<p>Suite \u00e0 tout pr\u00e8s de plusieurs mois d&rsquo;\u00e9changes et de d\u00e9veloppement avec le compositeur Simon Martin et l&rsquo;\u00e9cole Lutherie-Guitare Bruand, une premi\u00e8re conf\u00e9rence aura lieu le 5 main prochain sur le sujet. Simon Martin \u00e9laborera sur son approche musicale en relation avec le prototype \u00e9labor\u00e9, et le guitariste J\u00e9r\u00f4me Ducharme jouera des extraits sur cette <\/p>\n","protected":false},"author":2,"featured_media":9413,"comment_status":"closed","ping_status":"closed","sticky":false,"template":"","format":"standard","meta":{"footnotes":""},"categories":[15],"tags":[],"class_list":["post-9412","post","type-post","status-publish","format-standard","has-post-thumbnail","hentry","category-festivals-concerts"],"_links":{"self":[{"href":"https:\/\/www.wilhelmy.ca\/fr\/wp-json\/wp\/v2\/posts\/9412","targetHints":{"allow":["GET"]}}],"collection":[{"href":"https:\/\/www.wilhelmy.ca\/fr\/wp-json\/wp\/v2\/posts"}],"about":[{"href":"https:\/\/www.wilhelmy.ca\/fr\/wp-json\/wp\/v2\/types\/post"}],"author":[{"embeddable":true,"href":"https:\/\/www.wilhelmy.ca\/fr\/wp-json\/wp\/v2\/users\/2"}],"replies":[{"embeddable":true,"href":"https:\/\/www.wilhelmy.ca\/fr\/wp-json\/wp\/v2\/comments?post=9412"}],"version-history":[{"count":3,"href":"https:\/\/www.wilhelmy.ca\/fr\/wp-json\/wp\/v2\/posts\/9412\/revisions"}],"predecessor-version":[{"id":9424,"href":"https:\/\/www.wilhelmy.ca\/fr\/wp-json\/wp\/v2\/posts\/9412\/revisions\/9424"}],"wp:featuredmedia":[{"embeddable":true,"href":"https:\/\/www.wilhelmy.ca\/fr\/wp-json\/wp\/v2\/media\/9413"}],"wp:attachment":[{"href":"https:\/\/www.wilhelmy.ca\/fr\/wp-json\/wp\/v2\/media?parent=9412"}],"wp:term":[{"taxonomy":"category","embeddable":true,"href":"https:\/\/www.wilhelmy.ca\/fr\/wp-json\/wp\/v2\/categories?post=9412"},{"taxonomy":"post_tag","embeddable":true,"href":"https:\/\/www.wilhelmy.ca\/fr\/wp-json\/wp\/v2\/tags?post=9412"}],"curies":[{"name":"wp","href":"https:\/\/api.w.org\/{rel}","templated":true}]}}