

{"id":8644,"date":"2020-08-14T11:33:26","date_gmt":"2020-08-14T16:33:26","guid":{"rendered":"https:\/\/www.wilhelmy.ca\/fr\/?p=8644"},"modified":"2020-08-17T12:01:05","modified_gmt":"2020-08-17T17:01:05","slug":"deces-du-maitre-julian-bream-le-14-aout-2020","status":"publish","type":"post","link":"https:\/\/www.wilhelmy.ca\/fr\/2020\/08\/deces-du-maitre-julian-bream-le-14-aout-2020\/","title":{"rendered":"D\u00e9c\u00e8s du ma\u00eetre Julian Bream le 14 ao\u00fbt 2020"},"content":{"rendered":"<figure id=\"attachment_8645\" aria-describedby=\"caption-attachment-8645\" style=\"width: 457px\" class=\"wp-caption alignnone\"><a href=\"https:\/\/www.wilhelmy.ca\/fr\/wp-content\/uploads\/2020\/08\/Julian-Bream.jpg\" rel=\"lightbox[8644]\"><img class=\"size-full wp-image-8645\" data-src=\"https:\/\/www.wilhelmy.ca\/fr\/wp-content\/uploads\/2020\/08\/Julian-Bream.jpg\" alt=\"\" width=\"457\" height=\"370\" \/><\/a><figcaption id=\"caption-attachment-8645\" class=\"wp-caption-text\">(Photo by Grant Peterson\/Fairfax Media via Getty Images)<\/figcaption><\/figure>\n<p>Un figure immense de la guitare nous a quitt\u00e9.<br \/>\nMerci pour tout Maestro Julian Bream.<br \/>\nR.I.P.<\/p>\n<p>En tant que luthier, il fut le d\u00e9tonateur de ma carri\u00e8re.<span class=\"text_exposed_show\"><br \/>\nPour ce qui est de la pratique de la guitare et du luth en dilettante depuis bien longtemps, il demeure au sommet de mes influences les plus marquantes.<\/span><\/p>\n<div class=\"text_exposed_show\">\n<p>Si je lui dois en partie la d\u00e9couverte de la musique de la renaissance au luth (grand merci aussi \u00e0 Rafik Samman), et particuli\u00e8rement le r\u00e9pertoire \u00c9lisab\u00e9thain, avec John Dowland et autres formidables compositeurs de cette p\u00e9riode, c&rsquo;est l&rsquo;id\u00e9e v\u00e9hicul\u00e9e durant mes \u00e9tudes en guitare de son luth particulier, qu&rsquo;on surnommait ici son luth-guitare, et lequel devint mon 1er projet de lutherie autour de 1977.<\/p>\n<p>Les t\u00e9moignages \u00e0 sa m\u00e9moire seront innombrables, et par d&rsquo;importantes figures qui auront partag\u00e9 des moments bien plus \u00e9troits et privil\u00e9gi\u00e9s que les miens, et qui m\u00e9riteront au plus haut point d&rsquo;\u00eatre pris en consid\u00e9ration.<\/p>\n<p>Je retiens ici un moment de sa carri\u00e8re tr\u00e8s particulier, qui eut lieu au Canada \u00e0 Toronto, et qui fut cette rencontre inusit\u00e9e de 2 grands de la musique, autour du luth, entre Bream et Stravinsky, ce dernier \u00e9tant en r\u00e9p\u00e9tition pour sa -Symphonie des Psaumes-.<br \/>\nMaestro Bream explique durant une entrevue le contexte de la rencontre :<\/p>\n<p>-Interview with Bream &#8211;<br \/>\n\u00ab\u00a0I was on tour in Toronto with a camera team and was asked would I like to meet Stravinsky and play him something on the lute and I said \u00ab\u00a0Of course!\u00a0\u00bb But when I got there the poor chap was just about to conduct the Symphony of Psalms in a recording session; they rolled me on and it was obvious that this was just not what he wanted. He was obviously annoyed and I don\u2019t blame him. I had total sympathy for him. But it was the most embarrassing moment of my career\u00a0\u00bb<\/p>\n<div class=\"video-container\"><iframe loading=\"lazy\" src=\"https:\/\/www.youtube-nocookie.com\/embed\/t4f8fej9Sqo\" width=\"560\" height=\"315\" frameborder=\"0\" allowfullscreen=\"allowfullscreen\"><\/iframe><\/div>\n<p>Certains d\u00e9tails concernant les luths utilis\u00e9s par Bream durant sa carri\u00e8re. (Goff, Rubio et Breton)<\/p>\n<p><a href=\"http:\/\/www.julianbreamguitar.com\/lutes.html?fbclid=IwAR1V8lo3CcYbTwMjS0CGyofB0wM5Z1G2ATX6davgslWBCkydiNwsg6vbT8s\" target=\"_blank\" rel=\"noopener nofollow noreferrer\" data-ft=\"{&quot;tn&quot;:&quot;-U&quot;}\" data-lynx-mode=\"asynclazy\" data-lynx-uri=\"https:\/\/l.facebook.com\/l.php?u=http%3A%2F%2Fwww.julianbreamguitar.com%2Flutes.html%3Ffbclid%3DIwAR1V8lo3CcYbTwMjS0CGyofB0wM5Z1G2ATX6davgslWBCkydiNwsg6vbT8s&amp;h=AT328tbAPXF1_rUO4Q5rNDPuWLBzytuzxDqmEygcEjNOE4WFvAuWWHwCM7efpqdrgGdX7bsHPfgscGehMCKVLC9-mehiyKy8FKGfgvh9wn9aQqsB2i_NsNGrZNcPDc4HmwQEpbm6wqQl9zKpa37ULygryW6Q1DlQoA\">http:\/\/www.julianbreamguitar.com\/lutes.html<\/a><\/p>\n<p>En t\u00e9moignage et souvenir, j&rsquo;annexe aussi 2 photos prises autour de 1980 de mon 1er instrument fabriqu\u00e9, un luth renaissance \u00e0 9 choeurs.<\/p>\n<p><a href=\"https:\/\/www.wilhelmy.ca\/fr\/wp-content\/uploads\/2020\/08\/1977-RWL-Luth-renaissance-Bream-Face.jpg\" rel=\"lightbox[8644]\"><img class=\"alignnone img-responsive wp-image-8649\" data-src=\"https:\/\/www.wilhelmy.ca\/fr\/wp-content\/uploads\/2020\/08\/1977-RWL-Luth-renaissance-Bream-Face-1200x712.jpg\" alt=\"\" width=\"2000\" height=\"1186\" srcset=\"https:\/\/www.wilhelmy.ca\/fr\/wp-content\/uploads\/2020\/08\/1977-RWL-Luth-renaissance-Bream-Face-1200x712.jpg 1200w, https:\/\/www.wilhelmy.ca\/fr\/wp-content\/uploads\/2020\/08\/1977-RWL-Luth-renaissance-Bream-Face-750x445.jpg 750w, https:\/\/www.wilhelmy.ca\/fr\/wp-content\/uploads\/2020\/08\/1977-RWL-Luth-renaissance-Bream-Face-768x455.jpg 768w, https:\/\/www.wilhelmy.ca\/fr\/wp-content\/uploads\/2020\/08\/1977-RWL-Luth-renaissance-Bream-Face-1536x911.jpg 1536w, https:\/\/www.wilhelmy.ca\/fr\/wp-content\/uploads\/2020\/08\/1977-RWL-Luth-renaissance-Bream-Face.jpg 2000w\" sizes=\"(max-width: 2000px) 100vw, 2000px\" \/><\/a><br \/>\n<a href=\"https:\/\/www.wilhelmy.ca\/fr\/wp-content\/uploads\/2020\/08\/1977-RWL-Luth-renaissance-Bream-Dos.jpg\" rel=\"lightbox[8644]\"><img class=\"alignnone img-responsive wp-image-8647\" data-src=\"https:\/\/www.wilhelmy.ca\/fr\/wp-content\/uploads\/2020\/08\/1977-RWL-Luth-renaissance-Bream-Dos.jpg\" alt=\"\" width=\"2000\" height=\"1325\" srcset=\"https:\/\/www.wilhelmy.ca\/fr\/wp-content\/uploads\/2020\/08\/1977-RWL-Luth-renaissance-Bream-Dos.jpg 2000w, https:\/\/www.wilhelmy.ca\/fr\/wp-content\/uploads\/2020\/08\/1977-RWL-Luth-renaissance-Bream-Dos-750x497.jpg 750w, https:\/\/www.wilhelmy.ca\/fr\/wp-content\/uploads\/2020\/08\/1977-RWL-Luth-renaissance-Bream-Dos-1200x795.jpg 1200w, https:\/\/www.wilhelmy.ca\/fr\/wp-content\/uploads\/2020\/08\/1977-RWL-Luth-renaissance-Bream-Dos-360x240.jpg 360w, https:\/\/www.wilhelmy.ca\/fr\/wp-content\/uploads\/2020\/08\/1977-RWL-Luth-renaissance-Bream-Dos-768x509.jpg 768w, https:\/\/www.wilhelmy.ca\/fr\/wp-content\/uploads\/2020\/08\/1977-RWL-Luth-renaissance-Bream-Dos-1536x1018.jpg 1536w\" sizes=\"(max-width: 2000px) 100vw, 2000px\" \/><\/a><\/p>\n<\/div>\n","protected":false},"excerpt":{"rendered":"<p>Un figure immense de la guitare nous a quitt\u00e9. Merci pour tout Maestro Julian Bream. R.I.P. En tant que luthier, il fut le d\u00e9tonateur de ma carri\u00e8re. Pour ce qui est de la pratique de la guitare et du luth en dilettante depuis bien longtemps, il demeure au sommet de mes influences les plus marquantes. <\/p>\n","protected":false},"author":2,"featured_media":8651,"comment_status":"closed","ping_status":"closed","sticky":false,"template":"","format":"standard","meta":{"footnotes":""},"categories":[14,70],"tags":[],"class_list":["post-8644","post","type-post","status-publish","format-standard","has-post-thumbnail","hentry","category-tout-et-rien","category-preamb"],"_links":{"self":[{"href":"https:\/\/www.wilhelmy.ca\/fr\/wp-json\/wp\/v2\/posts\/8644","targetHints":{"allow":["GET"]}}],"collection":[{"href":"https:\/\/www.wilhelmy.ca\/fr\/wp-json\/wp\/v2\/posts"}],"about":[{"href":"https:\/\/www.wilhelmy.ca\/fr\/wp-json\/wp\/v2\/types\/post"}],"author":[{"embeddable":true,"href":"https:\/\/www.wilhelmy.ca\/fr\/wp-json\/wp\/v2\/users\/2"}],"replies":[{"embeddable":true,"href":"https:\/\/www.wilhelmy.ca\/fr\/wp-json\/wp\/v2\/comments?post=8644"}],"version-history":[{"count":2,"href":"https:\/\/www.wilhelmy.ca\/fr\/wp-json\/wp\/v2\/posts\/8644\/revisions"}],"predecessor-version":[{"id":8662,"href":"https:\/\/www.wilhelmy.ca\/fr\/wp-json\/wp\/v2\/posts\/8644\/revisions\/8662"}],"wp:featuredmedia":[{"embeddable":true,"href":"https:\/\/www.wilhelmy.ca\/fr\/wp-json\/wp\/v2\/media\/8651"}],"wp:attachment":[{"href":"https:\/\/www.wilhelmy.ca\/fr\/wp-json\/wp\/v2\/media?parent=8644"}],"wp:term":[{"taxonomy":"category","embeddable":true,"href":"https:\/\/www.wilhelmy.ca\/fr\/wp-json\/wp\/v2\/categories?post=8644"},{"taxonomy":"post_tag","embeddable":true,"href":"https:\/\/www.wilhelmy.ca\/fr\/wp-json\/wp\/v2\/tags?post=8644"}],"curies":[{"name":"wp","href":"https:\/\/api.w.org\/{rel}","templated":true}]}}