

{"id":8624,"date":"2020-07-10T17:07:45","date_gmt":"2020-07-10T22:07:45","guid":{"rendered":"https:\/\/www.wilhelmy.ca\/fr\/?p=8624"},"modified":"2020-07-10T17:07:45","modified_gmt":"2020-07-10T22:07:45","slug":"infolettre-ete-2020-du-guitariste-michel-beauchamp","status":"publish","type":"post","link":"https:\/\/www.wilhelmy.ca\/fr\/2020\/07\/infolettre-ete-2020-du-guitariste-michel-beauchamp\/","title":{"rendered":"Infolettre \u00e9t\u00e9 2020 du guitariste Michel Beauchamp"},"content":{"rendered":"<p><img class=\"alignnone size-full wp-image-8630\" data-src=\"https:\/\/www.wilhelmy.ca\/fr\/wp-content\/uploads\/2020\/07\/header-2020.png\" alt=\"\" width=\"651\" height=\"288\" \/><\/p>\n<p>&nbsp;<\/p>\n<p><strong>Samedi 18 juillet et dimanche 19 juillet de 17:00 \u00e0 20:00<\/strong><\/p>\n<p><strong>Concert au Jardin<\/strong><br \/>\nS\u00e9r\u00e9nit\u00e9 Sonore s\u2019allie avec le magnifique Jardin Harmonia pour vous offrir des exp\u00e9riences-concerts<br \/>\ndes plus inspirantes de l\u2019\u00e9t\u00e9! Sur le temple balinais servant de sc\u00e8ne du majestueux jardin priv\u00e9,<br \/>\nle guitariste Michel Beauchamp interpr\u00e9tera de la tr\u00e8s belle musique espagnole.<br \/>\nExp\u00e9rience totale de 3 heures incluant une visite guid\u00e9e, une pause avec d\u00e9gustation de th\u00e9<br \/>\net concert sur chaise pour un petit groupe de 25 personnes.<br \/>\n1995, rue du Somment Trinit\u00e9 Saint-Bruno-de-Montarville, QC J3V 6E3<\/p>\n<p>Billeterie: <a href=\"https:\/\/www.serenitesonore.com\/concertaujardin\" target=\"_blank\" rel=\"noopener noreferrer\">https:\/\/www.serenitesonore.com\/concertaujardin<\/a><\/p>\n<p><strong>Documentaire Trois rencontres : Bach &#8211; Sor &#8211; T\u00e1rrega<\/strong><br \/>\nLe documentaire sur les recherches et publications de Michel Beauchamp sera<br \/>\ntraduit en portugais diffus\u00e9 mondialement sur la plateforme GuitarCoop (Br\u00e9sil)<br \/>\nd\u2019ici la fin de juillet. <a href=\"https:\/\/guitarcoop.com.br\/en\/\" target=\"_blank\" rel=\"noopener noreferrer\">https:\/\/guitarcoop.com.br\/en\/<\/a><\/p>\n<p><strong>Atelier de Guitare Flamenca<\/strong><\/p>\n<p>Pour ceux et celles qui voudraient d\u00e9buter ou continuer une formation en guitare flamenca,<br \/>\nl\u2019opportunit\u00e9 se pr\u00e9sente d\u00e8s septembre \u00e0 l\u2019Atelier de Guitare Flamenca. Des cours de groupe<br \/>\nou priv\u00e9s o\u00f9 sont enseign\u00e9s tous les aspects de cet art, th\u00e9orique, technique et r\u00e9pertoire.<br \/>\nEn tout, 150 pages de mat\u00e9riel didactique unique et original r\u00e9parties sur 8 niveaux.<br \/>\nP\u00e9riode d\u2019inscription durant l&rsquo;\u00e9t\u00e9.<br \/>\nD\u00e9tails sur : <a href=\"http:\/\/www.michel-beauchamp.com\/agf\" target=\"_blank\" rel=\"noopener noreferrer\">www.michel-beauchamp.com\/agf<\/a><\/p>\n<p><strong>Agence Monique St-Jean<\/strong><\/p>\n<p>L\u2019agence Monique St-Jean repr\u00e9sentera le guitariste Michel Beauchamp<br \/>\nainsi que ses ensembles Trio Iberia et Trio \u00c6terna \u00e0 partir de septembre.<\/p>\n<p><strong>Pour plus de d\u00e9tails :<\/strong><br \/>\n<a href=\"http:\/\/www.michel-beauchamp.com\" target=\"_blank\" rel=\"noopener noreferrer\">www.michel-beauchamp.com<\/a><\/p>\n","protected":false},"excerpt":{"rendered":"<p>&nbsp; Samedi 18 juillet et dimanche 19 juillet de 17:00 \u00e0 20:00 Concert au Jardin S\u00e9r\u00e9nit\u00e9 Sonore s\u2019allie avec le magnifique Jardin Harmonia pour vous offrir des exp\u00e9riences-concerts des plus inspirantes de l\u2019\u00e9t\u00e9! Sur le temple balinais servant de sc\u00e8ne du majestueux jardin priv\u00e9, le guitariste Michel Beauchamp interpr\u00e9tera de la tr\u00e8s belle musique espagnole. <\/p>\n","protected":false},"author":2,"featured_media":8625,"comment_status":"closed","ping_status":"closed","sticky":false,"template":"","format":"standard","meta":{"footnotes":""},"categories":[15],"tags":[],"class_list":["post-8624","post","type-post","status-publish","format-standard","has-post-thumbnail","hentry","category-festivals-concerts"],"_links":{"self":[{"href":"https:\/\/www.wilhelmy.ca\/fr\/wp-json\/wp\/v2\/posts\/8624","targetHints":{"allow":["GET"]}}],"collection":[{"href":"https:\/\/www.wilhelmy.ca\/fr\/wp-json\/wp\/v2\/posts"}],"about":[{"href":"https:\/\/www.wilhelmy.ca\/fr\/wp-json\/wp\/v2\/types\/post"}],"author":[{"embeddable":true,"href":"https:\/\/www.wilhelmy.ca\/fr\/wp-json\/wp\/v2\/users\/2"}],"replies":[{"embeddable":true,"href":"https:\/\/www.wilhelmy.ca\/fr\/wp-json\/wp\/v2\/comments?post=8624"}],"version-history":[{"count":3,"href":"https:\/\/www.wilhelmy.ca\/fr\/wp-json\/wp\/v2\/posts\/8624\/revisions"}],"predecessor-version":[{"id":8634,"href":"https:\/\/www.wilhelmy.ca\/fr\/wp-json\/wp\/v2\/posts\/8624\/revisions\/8634"}],"wp:featuredmedia":[{"embeddable":true,"href":"https:\/\/www.wilhelmy.ca\/fr\/wp-json\/wp\/v2\/media\/8625"}],"wp:attachment":[{"href":"https:\/\/www.wilhelmy.ca\/fr\/wp-json\/wp\/v2\/media?parent=8624"}],"wp:term":[{"taxonomy":"category","embeddable":true,"href":"https:\/\/www.wilhelmy.ca\/fr\/wp-json\/wp\/v2\/categories?post=8624"},{"taxonomy":"post_tag","embeddable":true,"href":"https:\/\/www.wilhelmy.ca\/fr\/wp-json\/wp\/v2\/tags?post=8624"}],"curies":[{"name":"wp","href":"https:\/\/api.w.org\/{rel}","templated":true}]}}