

{"id":8290,"date":"2020-04-27T13:55:08","date_gmt":"2020-04-27T18:55:08","guid":{"rendered":"https:\/\/www.wilhelmy.ca\/fr\/?p=8290"},"modified":"2024-07-15T22:54:39","modified_gmt":"2024-07-16T02:54:39","slug":"hommage-a-irving-sloane","status":"publish","type":"post","link":"https:\/\/www.wilhelmy.ca\/fr\/2020\/04\/hommage-a-irving-sloane\/","title":{"rendered":"Hommage \u00e0 Irving Sloane"},"content":{"rendered":"<p>Iving Sloane est n\u00e9 en ce jour un 27 avril de 1925.<\/p>\n<p>Il \u00e9tait un luthier autodidacte dont les livres pratiques sur la construction et r\u00e9parations de guitares furent d\u00e9terminants pour bon nombre de luthiers de ma g\u00e9n\u00e9ration particuli\u00e8rement.<\/p>\n<p>\u00c9tant luthier autodidacte, tout\u00a0 comme lui, c&rsquo;est principalement son livre \u00ab\u00a0classic guitar construction\u00a0\u00bb achet\u00e9 vers 1978 qui devint ma bible durant tant d&rsquo;ann\u00e9es, et sans lequel mon parcours aurait \u00e9t\u00e9 possiblement bien diff\u00e9rent.<\/p>\n<p>Un autre de ses opus, \u00ab\u00a0Guitar Repair\u00a0\u00bb, traitant particuli\u00e8rement de la r\u00e9paration et restauration au sein des artisans de la c\u00e9l\u00e8bre fabrique des guitares \u00ab\u00a0Martin\u00a0\u00bb, fut aussi d&rsquo;une grande importance et source d&rsquo;inspiration dans mon apprentissage.<\/p>\n<p>Depuis lors les couvertures de ses livres restent bien grav\u00e9es en moi et immanquablement, lorsque je franchie l&rsquo;\u00e9tape d&rsquo;une guitare \u00e0 l&rsquo;\u00e9tat squelettique, l&rsquo;iconique couverture de son \u00ab\u00a0classic guitar construction\u00a0\u00bb surgit \u00e0 nouveau dans mon esprit.<\/p>\n<p>J&rsquo;ai eu l&rsquo;occasion de m&rsquo;entretenir avec lui durant les ann\u00e9es 90, concernant ses fameuses m\u00e9caniques \u00ab\u00a0Sloane\u00a0\u00bb en autres. Il m&rsquo;avait gentiment fait parvenir des photos de son mod\u00e8le en devenir.<br \/>\nC&rsquo;est quelques ann\u00e9es plus tard que j&rsquo;appris son d\u00e9c\u00e8s via la communaut\u00e9 de la lutherie.<\/p>\n<p>J&rsquo;utilise toujours avec satisfaction sa r\u00e8gle Ibex et ses petits rabots.<\/p>\n<p>C&rsquo;est ainsi qu&rsquo;aujourd&rsquo;hui je lui rends hommage avec ce t\u00e9moignage et clin d&rsquo;\u0153il \u00e0 mon bouquin favori.<br \/>\nVous trouverez un lien ici bas d&rsquo;un article \u00e0 son sujet, paru dans le New-York Times le 3 juillet 1998, quelques jours apr\u00e8s son d\u00e9c\u00e8s le 21 juin 1998.<\/p>\n<p>Salutations!<\/p>\n<p><a href=\"https:\/\/www.nytimes.com\/1998\/07\/03\/nyregion\/irving-sloane-73-self-taught-guitar-maker.html\" target=\"_blank\" rel=\"noopener noreferrer\">https:\/\/www.nytimes.com\/1998\/07\/03\/nyregion\/irving-sloane-73-self-taught-guitar-maker.html<\/a><\/p>\n<div id='gallery-1' class='gallery galleryid-8290 gallery-columns-3 gallery-size-full'><figure class='gallery-item'>\n\t\t\t<div class='gallery-icon portrait'>\n\t\t\t\t<a href='https:\/\/www.wilhelmy.ca\/fr\/wp-content\/uploads\/2020\/04\/2020-04_Montage_IMG_0006_0017_logo_v1_Hommage.jpg' rel=\"lightbox[8290]\"><img width=\"919\" height=\"1192\" class=\"attachment-full size-full\" alt=\"\" sizes=\"(max-width: 919px) 100vw, 919px\" data-src=\"https:\/\/www.wilhelmy.ca\/fr\/wp-content\/uploads\/2020\/04\/2020-04_Montage_IMG_0006_0017_logo_v1_Hommage.jpg\" data-srcset=\"https:\/\/www.wilhelmy.ca\/fr\/wp-content\/uploads\/2020\/04\/2020-04_Montage_IMG_0006_0017_logo_v1_Hommage.jpg 919w, https:\/\/www.wilhelmy.ca\/fr\/wp-content\/uploads\/2020\/04\/2020-04_Montage_IMG_0006_0017_logo_v1_Hommage-578x750.jpg 578w, https:\/\/www.wilhelmy.ca\/fr\/wp-content\/uploads\/2020\/04\/2020-04_Montage_IMG_0006_0017_logo_v1_Hommage-768x996.jpg 768w\" \/><\/a>\n\t\t\t<\/div><\/figure><figure class='gallery-item'>\n\t\t\t<div class='gallery-icon portrait'>\n\t\t\t\t<a href='https:\/\/www.wilhelmy.ca\/fr\/wp-content\/uploads\/2020\/04\/DSCF1876_Hommage.jpg' rel=\"lightbox[8290]\"><img width=\"2029\" height=\"2537\" class=\"attachment-full size-full\" alt=\"\" sizes=\"(max-width: 2029px) 100vw, 2029px\" data-src=\"https:\/\/www.wilhelmy.ca\/fr\/wp-content\/uploads\/2020\/04\/DSCF1876_Hommage.jpg\" data-srcset=\"https:\/\/www.wilhelmy.ca\/fr\/wp-content\/uploads\/2020\/04\/DSCF1876_Hommage.jpg 2029w, https:\/\/www.wilhelmy.ca\/fr\/wp-content\/uploads\/2020\/04\/DSCF1876_Hommage-600x750.jpg 600w, https:\/\/www.wilhelmy.ca\/fr\/wp-content\/uploads\/2020\/04\/DSCF1876_Hommage-960x1200.jpg 960w, https:\/\/www.wilhelmy.ca\/fr\/wp-content\/uploads\/2020\/04\/DSCF1876_Hommage-768x960.jpg 768w, https:\/\/www.wilhelmy.ca\/fr\/wp-content\/uploads\/2020\/04\/DSCF1876_Hommage-1228x1536.jpg 1228w, https:\/\/www.wilhelmy.ca\/fr\/wp-content\/uploads\/2020\/04\/DSCF1876_Hommage-1638x2048.jpg 1638w\" \/><\/a>\n\t\t\t<\/div><\/figure><figure class='gallery-item'>\n\t\t\t<div class='gallery-icon portrait'>\n\t\t\t\t<a href='https:\/\/www.wilhelmy.ca\/fr\/wp-content\/uploads\/2020\/04\/DSCF1877_Hommage.jpg' rel=\"lightbox[8290]\"><img width=\"2029\" height=\"2537\" class=\"attachment-full size-full\" alt=\"\" sizes=\"(max-width: 2029px) 100vw, 2029px\" data-src=\"https:\/\/www.wilhelmy.ca\/fr\/wp-content\/uploads\/2020\/04\/DSCF1877_Hommage.jpg\" data-srcset=\"https:\/\/www.wilhelmy.ca\/fr\/wp-content\/uploads\/2020\/04\/DSCF1877_Hommage.jpg 2029w, https:\/\/www.wilhelmy.ca\/fr\/wp-content\/uploads\/2020\/04\/DSCF1877_Hommage-600x750.jpg 600w, https:\/\/www.wilhelmy.ca\/fr\/wp-content\/uploads\/2020\/04\/DSCF1877_Hommage-960x1200.jpg 960w, https:\/\/www.wilhelmy.ca\/fr\/wp-content\/uploads\/2020\/04\/DSCF1877_Hommage-768x960.jpg 768w, https:\/\/www.wilhelmy.ca\/fr\/wp-content\/uploads\/2020\/04\/DSCF1877_Hommage-1228x1536.jpg 1228w, https:\/\/www.wilhelmy.ca\/fr\/wp-content\/uploads\/2020\/04\/DSCF1877_Hommage-1638x2048.jpg 1638w\" \/><\/a>\n\t\t\t<\/div><\/figure><figure class='gallery-item'>\n\t\t\t<div class='gallery-icon portrait'>\n\t\t\t\t<a href='https:\/\/www.wilhelmy.ca\/fr\/wp-content\/uploads\/2020\/04\/DSCF1416_edit_Hommage-scaled.jpg' rel=\"lightbox[8290]\"><img width=\"1707\" height=\"2560\" class=\"attachment-full size-full\" alt=\"\" sizes=\"(max-width: 1707px) 100vw, 1707px\" data-src=\"https:\/\/www.wilhelmy.ca\/fr\/wp-content\/uploads\/2020\/04\/DSCF1416_edit_Hommage-scaled.jpg\" data-srcset=\"https:\/\/www.wilhelmy.ca\/fr\/wp-content\/uploads\/2020\/04\/DSCF1416_edit_Hommage-scaled.jpg 1707w, https:\/\/www.wilhelmy.ca\/fr\/wp-content\/uploads\/2020\/04\/DSCF1416_edit_Hommage-500x750.jpg 500w, https:\/\/www.wilhelmy.ca\/fr\/wp-content\/uploads\/2020\/04\/DSCF1416_edit_Hommage-800x1200.jpg 800w, https:\/\/www.wilhelmy.ca\/fr\/wp-content\/uploads\/2020\/04\/DSCF1416_edit_Hommage-768x1152.jpg 768w, https:\/\/www.wilhelmy.ca\/fr\/wp-content\/uploads\/2020\/04\/DSCF1416_edit_Hommage-1024x1536.jpg 1024w, https:\/\/www.wilhelmy.ca\/fr\/wp-content\/uploads\/2020\/04\/DSCF1416_edit_Hommage-1365x2048.jpg 1365w\" \/><\/a>\n\t\t\t<\/div><\/figure>\n\t\t<\/div>\n\n","protected":false},"excerpt":{"rendered":"<p>Iving Sloane est n\u00e9 en ce jour un 27 avril de 1925. Il \u00e9tait un luthier autodidacte dont les livres pratiques sur la construction et r\u00e9parations de guitares furent d\u00e9terminants pour bon nombre de luthiers de ma g\u00e9n\u00e9ration particuli\u00e8rement. \u00c9tant luthier autodidacte, tout\u00a0 comme lui, c&rsquo;est principalement son livre \u00ab\u00a0classic guitar construction\u00a0\u00bb achet\u00e9 vers 1978 <\/p>\n","protected":false},"author":2,"featured_media":8297,"comment_status":"closed","ping_status":"closed","sticky":false,"template":"","format":"standard","meta":{"footnotes":""},"categories":[66],"tags":[32],"class_list":["post-8290","post","type-post","status-publish","format-standard","has-post-thumbnail","hentry","category-lutherie-rw","tag-primeur"],"_links":{"self":[{"href":"https:\/\/www.wilhelmy.ca\/fr\/wp-json\/wp\/v2\/posts\/8290","targetHints":{"allow":["GET"]}}],"collection":[{"href":"https:\/\/www.wilhelmy.ca\/fr\/wp-json\/wp\/v2\/posts"}],"about":[{"href":"https:\/\/www.wilhelmy.ca\/fr\/wp-json\/wp\/v2\/types\/post"}],"author":[{"embeddable":true,"href":"https:\/\/www.wilhelmy.ca\/fr\/wp-json\/wp\/v2\/users\/2"}],"replies":[{"embeddable":true,"href":"https:\/\/www.wilhelmy.ca\/fr\/wp-json\/wp\/v2\/comments?post=8290"}],"version-history":[{"count":3,"href":"https:\/\/www.wilhelmy.ca\/fr\/wp-json\/wp\/v2\/posts\/8290\/revisions"}],"predecessor-version":[{"id":8304,"href":"https:\/\/www.wilhelmy.ca\/fr\/wp-json\/wp\/v2\/posts\/8290\/revisions\/8304"}],"wp:featuredmedia":[{"embeddable":true,"href":"https:\/\/www.wilhelmy.ca\/fr\/wp-json\/wp\/v2\/media\/8297"}],"wp:attachment":[{"href":"https:\/\/www.wilhelmy.ca\/fr\/wp-json\/wp\/v2\/media?parent=8290"}],"wp:term":[{"taxonomy":"category","embeddable":true,"href":"https:\/\/www.wilhelmy.ca\/fr\/wp-json\/wp\/v2\/categories?post=8290"},{"taxonomy":"post_tag","embeddable":true,"href":"https:\/\/www.wilhelmy.ca\/fr\/wp-json\/wp\/v2\/tags?post=8290"}],"curies":[{"name":"wp","href":"https:\/\/api.w.org\/{rel}","templated":true}]}}