

{"id":7428,"date":"2019-04-02T09:00:16","date_gmt":"2019-04-02T14:00:16","guid":{"rendered":"https:\/\/www.wilhelmy.ca\/fr\/?p=7428"},"modified":"2019-04-02T09:18:30","modified_gmt":"2019-04-02T14:18:30","slug":"viva-espana-jerome-ducharme-et-laranjuez","status":"publish","type":"post","link":"https:\/\/www.wilhelmy.ca\/fr\/2019\/04\/viva-espana-jerome-ducharme-et-laranjuez\/","title":{"rendered":"Viva Espa\u00f1a &#8211; J\u00e9r\u00f4me Ducharme et l&rsquo;Aranjuez"},"content":{"rendered":"<p>Un beau programme de musique espagnole que l&rsquo;Orchestre Symphonique de Sherbrooke, sous la direction du chef St\u00e9phane Laforest, a pr\u00e9sent\u00e9 le dimanche 17 mars dernier.<br \/>\nDes oeuvres des compositeurs Alb\u00e9niz, Ravel, et Turina \u00e9taient au programme et, le c\u00e9l\u00e9brissime concerto d&rsquo;Aranjuez de Joaquim Rodrigo.<br \/>\nJ\u00e9r\u00f4me a interpr\u00e9t\u00e9 le concerto avec sa guitare c\u00e8dre\/br\u00e9silien de 2015. Son appr\u00e9ciation de l&rsquo;instrument pour l&rsquo;\u00e9v\u00e9nement fut des plus satisfaisante et pour ma part, tr\u00e8s agr\u00e9able \u00e0 recevoir!<\/p>\n<p><a href=\"https:\/\/www.wilhelmy.ca\/fr\/wp-content\/uploads\/2019\/04\/IMG_3314-e1554214042544.jpg\" rel=\"lightbox[7428]\"><img class=\"size-large wp-image-7432 alignleft\" data-src=\"https:\/\/www.wilhelmy.ca\/fr\/wp-content\/uploads\/2019\/04\/IMG_3314-e1554214042544-900x1200.jpg\" alt=\"\" width=\"604\" height=\"805\" srcset=\"https:\/\/www.wilhelmy.ca\/fr\/wp-content\/uploads\/2019\/04\/IMG_3314-e1554214042544-900x1200.jpg 900w, https:\/\/www.wilhelmy.ca\/fr\/wp-content\/uploads\/2019\/04\/IMG_3314-e1554214042544-563x750.jpg 563w, https:\/\/www.wilhelmy.ca\/fr\/wp-content\/uploads\/2019\/04\/IMG_3314-e1554214042544-768x1024.jpg 768w, https:\/\/www.wilhelmy.ca\/fr\/wp-content\/uploads\/2019\/04\/IMG_3314-e1554214042544-1152x1536.jpg 1152w, https:\/\/www.wilhelmy.ca\/fr\/wp-content\/uploads\/2019\/04\/IMG_3314-e1554214042544-1536x2048.jpg 1536w, https:\/\/www.wilhelmy.ca\/fr\/wp-content\/uploads\/2019\/04\/IMG_3314-e1554214042544-scaled.jpg 1920w\" sizes=\"(max-width: 604px) 100vw, 604px\" \/><\/a><\/p>\n<p><a href=\"https:\/\/www.wilhelmy.ca\/fr\/wp-content\/uploads\/2019\/04\/image1.jpeg\" rel=\"lightbox[7428]\"><img class=\"alignnone size-large wp-image-7430\" data-src=\"https:\/\/www.wilhelmy.ca\/fr\/wp-content\/uploads\/2019\/04\/image1-1200x900.jpeg\" alt=\"\" width=\"604\" height=\"453\" srcset=\"https:\/\/www.wilhelmy.ca\/fr\/wp-content\/uploads\/2019\/04\/image1-1200x900.jpeg 1200w, https:\/\/www.wilhelmy.ca\/fr\/wp-content\/uploads\/2019\/04\/image1-750x563.jpeg 750w, https:\/\/www.wilhelmy.ca\/fr\/wp-content\/uploads\/2019\/04\/image1-768x576.jpeg 768w, https:\/\/www.wilhelmy.ca\/fr\/wp-content\/uploads\/2019\/04\/image1-1536x1152.jpeg 1536w, https:\/\/www.wilhelmy.ca\/fr\/wp-content\/uploads\/2019\/04\/image1-2048x1536.jpeg 2048w\" sizes=\"(max-width: 604px) 100vw, 604px\" \/><\/a><\/p>\n<p><a href=\"https:\/\/www.wilhelmy.ca\/fr\/wp-content\/uploads\/2019\/04\/programme.png\" rel=\"lightbox[7428]\"><img class=\"alignnone size-full wp-image-7436\" data-src=\"https:\/\/www.wilhelmy.ca\/fr\/wp-content\/uploads\/2019\/04\/programme.png\" alt=\"\" width=\"513\" height=\"304\" \/><\/a><\/p>\n<p>Pour plus de d\u00e9tails : http:\/\/ossherbrooke.com\/viva-espana\/<\/p>\n","protected":false},"excerpt":{"rendered":"<p>Un beau programme de musique espagnole que l&rsquo;Orchestre Symphonique de Sherbrooke, sous la direction du chef St\u00e9phane Laforest, a pr\u00e9sent\u00e9 le dimanche 17 mars dernier. Des oeuvres des compositeurs Alb\u00e9niz, Ravel, et Turina \u00e9taient au programme et, le c\u00e9l\u00e9brissime concerto d&rsquo;Aranjuez de Joaquim Rodrigo. J\u00e9r\u00f4me a interpr\u00e9t\u00e9 le concerto avec sa guitare c\u00e8dre\/br\u00e9silien de 2015. <\/p>\n","protected":false},"author":2,"featured_media":7434,"comment_status":"closed","ping_status":"closed","sticky":false,"template":"","format":"standard","meta":{"footnotes":""},"categories":[15],"tags":[],"class_list":["post-7428","post","type-post","status-publish","format-standard","has-post-thumbnail","hentry","category-festivals-concerts"],"_links":{"self":[{"href":"https:\/\/www.wilhelmy.ca\/fr\/wp-json\/wp\/v2\/posts\/7428","targetHints":{"allow":["GET"]}}],"collection":[{"href":"https:\/\/www.wilhelmy.ca\/fr\/wp-json\/wp\/v2\/posts"}],"about":[{"href":"https:\/\/www.wilhelmy.ca\/fr\/wp-json\/wp\/v2\/types\/post"}],"author":[{"embeddable":true,"href":"https:\/\/www.wilhelmy.ca\/fr\/wp-json\/wp\/v2\/users\/2"}],"replies":[{"embeddable":true,"href":"https:\/\/www.wilhelmy.ca\/fr\/wp-json\/wp\/v2\/comments?post=7428"}],"version-history":[{"count":3,"href":"https:\/\/www.wilhelmy.ca\/fr\/wp-json\/wp\/v2\/posts\/7428\/revisions"}],"predecessor-version":[{"id":7439,"href":"https:\/\/www.wilhelmy.ca\/fr\/wp-json\/wp\/v2\/posts\/7428\/revisions\/7439"}],"wp:featuredmedia":[{"embeddable":true,"href":"https:\/\/www.wilhelmy.ca\/fr\/wp-json\/wp\/v2\/media\/7434"}],"wp:attachment":[{"href":"https:\/\/www.wilhelmy.ca\/fr\/wp-json\/wp\/v2\/media?parent=7428"}],"wp:term":[{"taxonomy":"category","embeddable":true,"href":"https:\/\/www.wilhelmy.ca\/fr\/wp-json\/wp\/v2\/categories?post=7428"},{"taxonomy":"post_tag","embeddable":true,"href":"https:\/\/www.wilhelmy.ca\/fr\/wp-json\/wp\/v2\/tags?post=7428"}],"curies":[{"name":"wp","href":"https:\/\/api.w.org\/{rel}","templated":true}]}}