

{"id":7187,"date":"2019-02-11T17:26:47","date_gmt":"2019-02-11T22:26:47","guid":{"rendered":"https:\/\/www.wilhelmy.ca\/fr\/?p=7187"},"modified":"2019-02-26T10:55:12","modified_gmt":"2019-02-26T15:55:12","slug":"histoire-de-guitares-par-david-jacques","status":"publish","type":"post","link":"https:\/\/www.wilhelmy.ca\/fr\/2019\/02\/histoire-de-guitares-par-david-jacques\/","title":{"rendered":"Histoire de guitares par David Jacques"},"content":{"rendered":"<p>La <a href=\"http:\/\/societedeguitaredemontreal.org\/\" target=\"_blank\" rel=\"noopener noreferrer\">Soci\u00e9t\u00e9 de Guitare de Montr\u00e9al<\/a> a pr\u00e9sent\u00e9 le 3 f\u00e9vrier dernier, dans le cadre de ses concerts de \u00abLa S\u00e9rie Des Boiseries\u00bb, cet excellent concert pour le moins rarissime en notre contr\u00e9e!&nbsp;<br>L&rsquo;occasion \u00e9tait belle d&rsquo;entendre un bon nombre de guitares anciennes provenant de sa propre collection.<br>Le r\u00e9pertoire musical \u00e9tait tr\u00e8s bien choisi et original, mettant bien en lumi\u00e8re le caract\u00e8re distinct de chacun des instruments pr\u00e9sent\u00e9s.<br>Par chance, David Jacques est de notre \u00abQu\u00e9bec\u00bb, et les occasions devraient \u00eatre nombreuses \u00e0 l&rsquo;avenir pour l&rsquo;entendre jouer sur ces beaux instruments historiques.<\/p>\n\n\n<p><div class=\"video-container\"><iframe loading=\"lazy\" width=\"560\" height=\"315\" src=\"https:\/\/www.youtube-nocookie.com\/embed\/fCEispEpXu8\" frameborder=\"0\" allowfullscreen=\"\" allow=\"accelerometer; autoplay; encrypted-media; gyroscope; picture-in-picture\"><\/iframe><\/div><\/p>\n","protected":false},"excerpt":{"rendered":"<p>La Soci\u00e9t\u00e9 de Guitare de Montr\u00e9al a pr\u00e9sent\u00e9 le 3 f\u00e9vrier dernier, dans le cadre de ses concerts de \u00abLa S\u00e9rie Des Boiseries\u00bb, cet excellent concert pour le moins rarissime en notre contr\u00e9e!&nbsp;L&rsquo;occasion \u00e9tait belle d&rsquo;entendre un bon nombre de guitares anciennes provenant de sa propre collection.Le r\u00e9pertoire musical \u00e9tait tr\u00e8s bien choisi et original, <\/p>\n","protected":false},"author":2,"featured_media":7191,"comment_status":"closed","ping_status":"closed","sticky":false,"template":"","format":"standard","meta":{"footnotes":""},"categories":[15],"tags":[],"class_list":["post-7187","post","type-post","status-publish","format-standard","has-post-thumbnail","hentry","category-festivals-concerts"],"_links":{"self":[{"href":"https:\/\/www.wilhelmy.ca\/fr\/wp-json\/wp\/v2\/posts\/7187","targetHints":{"allow":["GET"]}}],"collection":[{"href":"https:\/\/www.wilhelmy.ca\/fr\/wp-json\/wp\/v2\/posts"}],"about":[{"href":"https:\/\/www.wilhelmy.ca\/fr\/wp-json\/wp\/v2\/types\/post"}],"author":[{"embeddable":true,"href":"https:\/\/www.wilhelmy.ca\/fr\/wp-json\/wp\/v2\/users\/2"}],"replies":[{"embeddable":true,"href":"https:\/\/www.wilhelmy.ca\/fr\/wp-json\/wp\/v2\/comments?post=7187"}],"version-history":[{"count":2,"href":"https:\/\/www.wilhelmy.ca\/fr\/wp-json\/wp\/v2\/posts\/7187\/revisions"}],"predecessor-version":[{"id":7202,"href":"https:\/\/www.wilhelmy.ca\/fr\/wp-json\/wp\/v2\/posts\/7187\/revisions\/7202"}],"wp:featuredmedia":[{"embeddable":true,"href":"https:\/\/www.wilhelmy.ca\/fr\/wp-json\/wp\/v2\/media\/7191"}],"wp:attachment":[{"href":"https:\/\/www.wilhelmy.ca\/fr\/wp-json\/wp\/v2\/media?parent=7187"}],"wp:term":[{"taxonomy":"category","embeddable":true,"href":"https:\/\/www.wilhelmy.ca\/fr\/wp-json\/wp\/v2\/categories?post=7187"},{"taxonomy":"post_tag","embeddable":true,"href":"https:\/\/www.wilhelmy.ca\/fr\/wp-json\/wp\/v2\/tags?post=7187"}],"curies":[{"name":"wp","href":"https:\/\/api.w.org\/{rel}","templated":true}]}}