

{"id":5734,"date":"2018-02-04T15:48:50","date_gmt":"2018-02-04T20:48:50","guid":{"rendered":"https:\/\/www.wilhelmy.ca\/fr\/?p=5734"},"modified":"2022-04-09T08:50:34","modified_gmt":"2022-04-09T13:50:34","slug":"2-sorties-de-disques-recentes-forestare-et-le-trio-iberia","status":"publish","type":"post","link":"https:\/\/www.wilhelmy.ca\/fr\/2018\/02\/2-sorties-de-disques-recentes-forestare-et-le-trio-iberia\/","title":{"rendered":"2 sorties de disques r\u00e9centes : Forestare et le Trio Iberia"},"content":{"rendered":"<p>L&rsquo;ensemble Forestare a fait para\u00eetre un enregistrement num\u00e9rique en 2016 intitul\u00e9 -Baroque-.<br \/>\nL&rsquo;enregistrement f\u00fbt r\u00e9alis\u00e9 par le fondateur du fameux studio de Morin-Heights; Andr\u00e9 Perry, et une prise de son de Ren\u00e9 Laflamme.<br \/>\nOn y retrouve d&rsquo;excellentes transcriptions de J. S. Bach, J. B. Lully et A. Vivaldi.<br \/>\nTrois guitaristes jouant une de mes guitares font partie de l&rsquo;ensemble soit :<br \/>\nSimon Duchesne jouant avec une c\u00e8dre\/palissandre Sud-Am\u00e9ricain de 1994,<br \/>\nJonathan Barriault avec<span style=\"display: inline !important; float: none; background-color: transparent; color: #333333; cursor: text; font-family: Georgia,'Times New Roman','Bitstream Charter',Times,serif; font-size: 16px; font-style: normal; font-variant: normal; font-weight: 400; letter-spacing: normal; orphans: 2; text-align: left; text-decoration: none; text-indent: 0px; text-transform: none; -webkit-text-stroke-width: 0px; white-space: normal; word-spacing: 0px;\"> une c\u00e8dre\/palissandre Sud-Am\u00e9ricain de 2001, et<\/span><br \/>\nRenaud Cot\u00e9-Gigu\u00e8re avec<span style=\"display: inline !important; float: none; background-color: transparent; color: #333333; cursor: text; font-family: Georgia,'Times New Roman','Bitstream Charter',Times,serif; font-size: 16px; font-style: normal; font-variant: normal; font-weight: 400; letter-spacing: normal; orphans: 2; text-align: left; text-decoration: none; text-indent: 0px; text-transform: none; -webkit-text-stroke-width: 0px; white-space: normal; word-spacing: 0px;\"> une c\u00e8dre\/palissandre Hondurien de 2007.<\/span><\/p>\n<p><span style=\"display: inline !important; float: none; background-color: transparent; color: #333333; cursor: text; font-family: Georgia,'Times New Roman','Bitstream Charter',Times,serif; font-size: 16px; font-style: normal; font-variant: normal; font-weight: 400; letter-spacing: normal; orphans: 2; text-align: left; text-decoration: none; text-indent: 0px; text-transform: none; -webkit-text-stroke-width: 0px; white-space: normal; word-spacing: 0px;\">Un extrait est disponible sur la page :\u00a0<a href=\"https:\/\/www.wilhelmy.ca\/fr\/2017\/02\/forestare-baroque\/\" target=\"_blank\" rel=\"noopener\">Baroque<\/a><br \/>\nLe site de l&rsquo;ensemble :\u00a0<a href=\"http:\/\/www.forestare.com\/produit\/album-baroque\/\" target=\"_blank\" rel=\"noopener\">http:\/\/www.forestare.com\/produit\/album-baroque\/<\/a><br \/>\n<\/span><\/p>\n<p><a href=\"https:\/\/www.wilhelmy.ca\/fr\/wp-content\/uploads\/2018\/02\/cd-front-forestare-baroque.jpg\" rel=\"lightbox[5734]\"><img class=\"max-width: 382px; alignnone wp-image-5717\" data-src=\"https:\/\/www.wilhelmy.ca\/fr\/wp-content\/uploads\/2018\/02\/cd-front-forestare-baroque-750x748.jpg\" alt=\"\" width=\"386\" height=\"385\" srcset=\"https:\/\/www.wilhelmy.ca\/fr\/wp-content\/uploads\/2018\/02\/cd-front-forestare-baroque-750x748.jpg 750w, https:\/\/www.wilhelmy.ca\/fr\/wp-content\/uploads\/2018\/02\/cd-front-forestare-baroque-768x766.jpg 768w, https:\/\/www.wilhelmy.ca\/fr\/wp-content\/uploads\/2018\/02\/cd-front-forestare-baroque.jpg 891w\" sizes=\"(max-width: 386px) 100vw, 386px\" \/><\/a><\/p>\n<p>Le Trio Iberia (Violon, violoncelle et guitare) a fait paraitre son premier CD il y quelques semaines et s&rsquo;intitule &#8211; Impressions d&rsquo;Espagne-<br \/>\nLes transcriptions de l&rsquo;album respectent \u00e0 la note pr\u00e8s le texte original des compositeurs que sont : Boccherini, Granados, Alb\u00e9niz, Rodrigo et de Falla.<br \/>\nJohanne Morin est au violon,\u00a0 Julie Trudeau au violoncelle, et Michel Beauchamp \u00e0 la guitare 7 cordes, une guitare avec table en c\u00e8dre et caisse en palissandre Jacaranda, et fabriqu\u00e9e en 2016.<\/p>\n<p>Un extrait est disponible sur la page :\u00a0<a href=\"https:\/\/www.wilhelmy.ca\/fr\/2018\/02\/trio-iberia-impressions\/\" target=\"_blank\" rel=\"noopener\">Impressions d&rsquo;Espagne<\/a><br \/>\nLe site de l&rsquo;ensemble :\u00a0<a href=\"http:\/\/www3.bell.net\/michel.beauchamp\/ti.htm\" target=\"_blank\" rel=\"noopener\">http:\/\/www3.bell.net\/michel.beauchamp\/ti.htm<\/a><\/p>\n<p><a href=\"https:\/\/www.wilhelmy.ca\/fr\/wp-content\/uploads\/2018\/02\/cd-front-trio-iberia-impressions.jpg\" rel=\"lightbox[5734]\"><img class=\"max-width: 382px; alignnone wp-image-5727\" data-src=\"https:\/\/www.wilhelmy.ca\/fr\/wp-content\/uploads\/2018\/02\/cd-front-trio-iberia-impressions.jpg\" alt=\"\" width=\"382\" height=\"381\" \/><\/a><\/p>\n<p>&nbsp;<\/p>\n","protected":false},"excerpt":{"rendered":"<p>L&rsquo;ensemble Forestare a fait para\u00eetre un enregistrement num\u00e9rique en 2016 intitul\u00e9 -Baroque-. L&rsquo;enregistrement f\u00fbt r\u00e9alis\u00e9 par le fondateur du fameux studio de Morin-Heights; Andr\u00e9 Perry, et une prise de son de Ren\u00e9 Laflamme. On y retrouve d&rsquo;excellentes transcriptions de J. S. Bach, J. B. Lully et A. Vivaldi. Trois guitaristes jouant une de mes guitares <\/p>\n","protected":false},"author":2,"featured_media":5738,"comment_status":"closed","ping_status":"closed","sticky":false,"template":"","format":"standard","meta":{"footnotes":""},"categories":[19],"tags":[],"class_list":["post-5734","post","type-post","status-publish","format-standard","has-post-thumbnail","hentry","category-parutions-cd"],"_links":{"self":[{"href":"https:\/\/www.wilhelmy.ca\/fr\/wp-json\/wp\/v2\/posts\/5734","targetHints":{"allow":["GET"]}}],"collection":[{"href":"https:\/\/www.wilhelmy.ca\/fr\/wp-json\/wp\/v2\/posts"}],"about":[{"href":"https:\/\/www.wilhelmy.ca\/fr\/wp-json\/wp\/v2\/types\/post"}],"author":[{"embeddable":true,"href":"https:\/\/www.wilhelmy.ca\/fr\/wp-json\/wp\/v2\/users\/2"}],"replies":[{"embeddable":true,"href":"https:\/\/www.wilhelmy.ca\/fr\/wp-json\/wp\/v2\/comments?post=5734"}],"version-history":[{"count":3,"href":"https:\/\/www.wilhelmy.ca\/fr\/wp-json\/wp\/v2\/posts\/5734\/revisions"}],"predecessor-version":[{"id":5744,"href":"https:\/\/www.wilhelmy.ca\/fr\/wp-json\/wp\/v2\/posts\/5734\/revisions\/5744"}],"wp:featuredmedia":[{"embeddable":true,"href":"https:\/\/www.wilhelmy.ca\/fr\/wp-json\/wp\/v2\/media\/5738"}],"wp:attachment":[{"href":"https:\/\/www.wilhelmy.ca\/fr\/wp-json\/wp\/v2\/media?parent=5734"}],"wp:term":[{"taxonomy":"category","embeddable":true,"href":"https:\/\/www.wilhelmy.ca\/fr\/wp-json\/wp\/v2\/categories?post=5734"},{"taxonomy":"post_tag","embeddable":true,"href":"https:\/\/www.wilhelmy.ca\/fr\/wp-json\/wp\/v2\/tags?post=5734"}],"curies":[{"name":"wp","href":"https:\/\/api.w.org\/{rel}","templated":true}]}}