

{"id":5487,"date":"2017-10-11T22:52:34","date_gmt":"2017-10-12T03:52:34","guid":{"rendered":"https:\/\/www.wilhelmy.ca\/fr\/?p=5487"},"modified":"2017-10-11T22:53:53","modified_gmt":"2017-10-12T03:53:53","slug":"trio-tangere-a-la-chapelle-historique","status":"publish","type":"post","link":"https:\/\/www.wilhelmy.ca\/fr\/2017\/10\/trio-tangere-a-la-chapelle-historique\/","title":{"rendered":"Trio Tangere \u00e0 la Chapelle Historique &#8211; 12.10.2017"},"content":{"rendered":"<p>Le 12 octobre 2017 \u00e0 19H30.<br \/>\n\u0152uvres d\u2019Assad, Bart\u00f3k, Debussy, Maute, Piazzolla, Tedesco et Ysaye<br \/>\nCLIP: Tangere sur St. Denis!\u00a0<a href=\"https:\/\/youtu.be\/9tU-8zzSAoQ\" target=\"_blank\" rel=\"noopener nofollow\" data-lynx-uri=\"https:\/\/l.facebook.com\/l.php?u=https%3A%2F%2Fyoutu.be%2F9tU-8zzSAoQ&amp;h=ATPrTik9pfuZLTp5gg1Dnnq2uLkwSgTuPJaNZyKBna9fIBVpiqie6sMv0fMoePfoo_T2S9X7p264kpge4kAr78zHRgUS4MfUvi2EEwaQrtUJUQ9WUFfbeS549ZxeBcKri6eiEEcsBt32Eg22lTrRmRQM5CWNag20lDFGKO_yJ5Y8Lw0-Gw\" data-lynx-mode=\"async\">https:\/\/youtu.be\/<wbr \/>9tU-8zzSAoQ<\/a><\/p>\n<p>Marc Djokic, violon<br \/>\nJ\u00e9r\u00f4me Ducharme, guitare<br \/>\nLouis Tr\u00e9panier, guitare<\/p>\n<p><a href=\"https:\/\/www.wilhelmy.ca\/fr\/wp-content\/uploads\/2017\/10\/trio-tangere-4.jpg\" rel=\"lightbox[5487]\"><img class=\"alignnone size-medium wp-image-5490\" data-src=\"https:\/\/www.wilhelmy.ca\/fr\/wp-content\/uploads\/2017\/10\/trio-tangere-4-750x476.jpg\" alt=\"\" width=\"750\" height=\"476\" srcset=\"https:\/\/www.wilhelmy.ca\/fr\/wp-content\/uploads\/2017\/10\/trio-tangere-4-750x476.jpg 750w, https:\/\/www.wilhelmy.ca\/fr\/wp-content\/uploads\/2017\/10\/trio-tangere-4-768x487.jpg 768w, https:\/\/www.wilhelmy.ca\/fr\/wp-content\/uploads\/2017\/10\/trio-tangere-4.jpg 1086w\" sizes=\"(max-width: 750px) 100vw, 750px\" \/><\/a><\/p>\n","protected":false},"excerpt":{"rendered":"<p>Le 12 octobre 2017 \u00e0 19H30. \u0152uvres d\u2019Assad, Bart\u00f3k, Debussy, Maute, Piazzolla, Tedesco et Ysaye CLIP: Tangere sur St. Denis!\u00a0https:\/\/youtu.be\/9tU-8zzSAoQ Marc Djokic, violon J\u00e9r\u00f4me Ducharme, guitare Louis Tr\u00e9panier, guitare<\/p>\n","protected":false},"author":2,"featured_media":5489,"comment_status":"closed","ping_status":"closed","sticky":false,"template":"","format":"standard","meta":{"footnotes":""},"categories":[15],"tags":[],"class_list":["post-5487","post","type-post","status-publish","format-standard","has-post-thumbnail","hentry","category-festivals-concerts"],"_links":{"self":[{"href":"https:\/\/www.wilhelmy.ca\/fr\/wp-json\/wp\/v2\/posts\/5487","targetHints":{"allow":["GET"]}}],"collection":[{"href":"https:\/\/www.wilhelmy.ca\/fr\/wp-json\/wp\/v2\/posts"}],"about":[{"href":"https:\/\/www.wilhelmy.ca\/fr\/wp-json\/wp\/v2\/types\/post"}],"author":[{"embeddable":true,"href":"https:\/\/www.wilhelmy.ca\/fr\/wp-json\/wp\/v2\/users\/2"}],"replies":[{"embeddable":true,"href":"https:\/\/www.wilhelmy.ca\/fr\/wp-json\/wp\/v2\/comments?post=5487"}],"version-history":[{"count":3,"href":"https:\/\/www.wilhelmy.ca\/fr\/wp-json\/wp\/v2\/posts\/5487\/revisions"}],"predecessor-version":[{"id":5493,"href":"https:\/\/www.wilhelmy.ca\/fr\/wp-json\/wp\/v2\/posts\/5487\/revisions\/5493"}],"wp:featuredmedia":[{"embeddable":true,"href":"https:\/\/www.wilhelmy.ca\/fr\/wp-json\/wp\/v2\/media\/5489"}],"wp:attachment":[{"href":"https:\/\/www.wilhelmy.ca\/fr\/wp-json\/wp\/v2\/media?parent=5487"}],"wp:term":[{"taxonomy":"category","embeddable":true,"href":"https:\/\/www.wilhelmy.ca\/fr\/wp-json\/wp\/v2\/categories?post=5487"},{"taxonomy":"post_tag","embeddable":true,"href":"https:\/\/www.wilhelmy.ca\/fr\/wp-json\/wp\/v2\/tags?post=5487"}],"curies":[{"name":"wp","href":"https:\/\/api.w.org\/{rel}","templated":true}]}}