

{"id":442,"date":"2011-04-05T10:14:18","date_gmt":"2011-04-05T15:14:18","guid":{"rendered":"https:\/\/www.wilhelmy.ca\/wordpress\/?p=442"},"modified":"2011-04-05T10:14:18","modified_gmt":"2011-04-05T15:14:18","slug":"guitare-en-avril-a-montreal","status":"publish","type":"post","link":"https:\/\/www.wilhelmy.ca\/fr\/2011\/04\/guitare-en-avril-a-montreal\/","title":{"rendered":"Guitare en Avril \u00e0 Montr\u00e9al"},"content":{"rendered":"<p><a href=\"https:\/\/www.wilhelmy.ca\/wordpress\/2011\/04\/guitare-en-avril-a-montreal\/mtl-avril2011-concerts\/\"><img class=\"alignnone size-full wp-image-443\" title=\"Concerts en avril 2011 \u00e0 Montr\u00e9al\" data-src=\"https:\/\/www.wilhelmy.ca\/fr\/wp-content\/uploads\/2011\/04\/mtl-avril2011-concerts.jpg\" alt=\"\" width=\"584\" height=\"197\" \/><\/a><\/p>\n<p>Un mois vari\u00e9 et bien garni pour les aficionados de la guitare classique.<br \/>\nLa seule ombre au tableau serait que 2 des concerts figurent sur la m\u00eame case, celle du 11 avril&#8230;, dans mon cas c&rsquo;est dommage pour Gaqu\u00e8re, \u00e7a sera pour la prochaine&#8230;<\/p>\n<p>J\u00e9r\u00f4me Ducharme &#8211; R\u00e9cital final de doctorat<br \/>\n11 avril \u00b7 20:30<br \/>\nSalle Claude Champagne<br \/>\n220, avenue Vincent-D&rsquo;Indy &#8211; m\u00e9tro \u00c9douard-Montpetit<br \/>\nMontreal, QC<\/p>\n<p>Boris Gaqu\u00e8re<br \/>\nLundi 11 avril 2011, 20H<br \/>\nVoir les d\u00e9tails sur le site de la Soci\u00e9t\u00e9 de Guitare de Montr\u00e9al<br \/>\n<a title=\"SGM\" href=\"http:\/\/www.societedeguitaredemontreal.org\/fr\/activite.asp\" target=\"_blank\">Soci\u00e9t\u00e9 de Guitare de Montr\u00e9al<\/a><\/p>\n<p>Michel Beauchamp &#8211; 2e r\u00e9cital des \u0153uvres pour luth<br \/>\nde Johann Sebastian Bach<br \/>\n17 avril \u00e0 15H30<br \/>\nChapelle Historique du Bon-Pasteur<br \/>\n100, Sherbrooke Est, Montr\u00e9al<br \/>\n514.872.5338<\/p>\n<p>Festival de guitare de Montr\u00e9al du 29 avril au 1er mai<br \/>\nJulian Geisterfer, Ramiro M. Pina, Alexander Dunn<br \/>\nArnaud Dumond<br \/>\nConcert Auditorium D.B.Clarke<br \/>\nL&rsquo;Orchestre de la SGM, l&rsquo;Orchestre de Marguerite de la Jemmerais<br \/>\nConcert &#8211; Les Orchestres de Guitares!<br \/>\nLe festival et concours international de guitare classique de Montr\u00e9al 2011<br \/>\n<a title=\"Festival\" href=\"http:\/\/www.guitaremontreal.com\/\" target=\"_blank\">http:\/\/www.guitaremontreal.com\/<\/a><\/p>\n","protected":false},"excerpt":{"rendered":"<p>Un mois vari\u00e9 et bien garni pour les aficionados de la guitare classique. La seule ombre au tableau serait que 2 des concerts figurent sur la m\u00eame case, celle du 11 avril&#8230;, dans mon cas c&rsquo;est dommage pour Gaqu\u00e8re, \u00e7a sera pour la prochaine&#8230; J\u00e9r\u00f4me Ducharme &#8211; R\u00e9cital final de doctorat 11 avril \u00b7 20:30 <\/p>\n","protected":false},"author":2,"featured_media":0,"comment_status":"closed","ping_status":"closed","sticky":false,"template":"","format":"standard","meta":{"footnotes":""},"categories":[15],"tags":[],"class_list":["post-442","post","type-post","status-publish","format-standard","hentry","category-festivals-concerts"],"_links":{"self":[{"href":"https:\/\/www.wilhelmy.ca\/fr\/wp-json\/wp\/v2\/posts\/442","targetHints":{"allow":["GET"]}}],"collection":[{"href":"https:\/\/www.wilhelmy.ca\/fr\/wp-json\/wp\/v2\/posts"}],"about":[{"href":"https:\/\/www.wilhelmy.ca\/fr\/wp-json\/wp\/v2\/types\/post"}],"author":[{"embeddable":true,"href":"https:\/\/www.wilhelmy.ca\/fr\/wp-json\/wp\/v2\/users\/2"}],"replies":[{"embeddable":true,"href":"https:\/\/www.wilhelmy.ca\/fr\/wp-json\/wp\/v2\/comments?post=442"}],"version-history":[{"count":0,"href":"https:\/\/www.wilhelmy.ca\/fr\/wp-json\/wp\/v2\/posts\/442\/revisions"}],"wp:attachment":[{"href":"https:\/\/www.wilhelmy.ca\/fr\/wp-json\/wp\/v2\/media?parent=442"}],"wp:term":[{"taxonomy":"category","embeddable":true,"href":"https:\/\/www.wilhelmy.ca\/fr\/wp-json\/wp\/v2\/categories?post=442"},{"taxonomy":"post_tag","embeddable":true,"href":"https:\/\/www.wilhelmy.ca\/fr\/wp-json\/wp\/v2\/tags?post=442"}],"curies":[{"name":"wp","href":"https:\/\/api.w.org\/{rel}","templated":true}]}}