

{"id":334,"date":"2011-02-15T00:04:18","date_gmt":"2011-02-15T05:04:18","guid":{"rendered":"https:\/\/www.wilhelmy.ca\/wordpress\/?p=334"},"modified":"2016-11-27T21:33:58","modified_gmt":"2016-11-28T02:33:58","slug":"festival-guitare-alla-grande-suite-et-fin","status":"publish","type":"post","link":"https:\/\/www.wilhelmy.ca\/fr\/2011\/02\/festival-guitare-alla-grande-suite-et-fin\/","title":{"rendered":"\u00abGuitare Alla Grande\u00bb (II)"},"content":{"rendered":"<p>De retour d&rsquo;Ottawa, apr\u00e8s un superbe week-end \u00e0 ce festival. Le concert de samedi soir de Odair Assad f\u00fbt magnifique. Il nous a propos\u00e9, en autres, la substance de son dernier cd, \u00abEl caminante\u00bb. Il sera ici m\u00eame \u00e0 Montr\u00e9al,\u00a0 ce mercredi le 16 f\u00e9vrier. \u00c0 ne pas manquer!<br \/>\nDimanche ce f\u00fbt le salon des luthiers et le concert final. J&rsquo;en profite pour saluer et remercier tous les guitaristes qui sont venus \u00e0 ma table me rencontrer pour discuter et jouer ma guitare. Le niveau d&rsquo;instrumentistes \u00e9tait plut\u00f4t impressionnant!<br \/>\nPour le reste, de revoir un bon nombre de musiciens du milieu que je n&rsquo;avais pas vu depuis un certain temps \u00e9tait formidable.<br \/>\nBravo \u00e0 toute l&rsquo;organisation du festival!<\/p>\n<p>r.<\/p>\n<p><img width=\"500\" height=\"508\" class=\"size-full wp-image-340 alignleft\" title=\"alla-grande-2011\" alt=\"Festival Alla Grande 2011\" data-src=\"https:\/\/www.wilhelmy.ca\/fr\/wp-content\/uploads\/2011\/02\/alla-grande-2011.png\" \/><\/p>\n","protected":false},"excerpt":{"rendered":"<p>De retour d&rsquo;Ottawa, apr\u00e8s un superbe week-end \u00e0 ce festival. Le concert de samedi soir de Odair Assad f\u00fbt magnifique. Il nous a propos\u00e9, en autres, la substance de son dernier cd, \u00abEl caminante\u00bb. Il sera ici m\u00eame \u00e0 Montr\u00e9al,\u00a0 ce mercredi le 16 f\u00e9vrier. \u00c0 ne pas manquer! Dimanche ce f\u00fbt le salon des <\/p>\n","protected":false},"author":2,"featured_media":0,"comment_status":"closed","ping_status":"closed","sticky":false,"template":"","format":"standard","meta":{"footnotes":""},"categories":[15],"tags":[],"class_list":["post-334","post","type-post","status-publish","format-standard","hentry","category-festivals-concerts"],"_links":{"self":[{"href":"https:\/\/www.wilhelmy.ca\/fr\/wp-json\/wp\/v2\/posts\/334","targetHints":{"allow":["GET"]}}],"collection":[{"href":"https:\/\/www.wilhelmy.ca\/fr\/wp-json\/wp\/v2\/posts"}],"about":[{"href":"https:\/\/www.wilhelmy.ca\/fr\/wp-json\/wp\/v2\/types\/post"}],"author":[{"embeddable":true,"href":"https:\/\/www.wilhelmy.ca\/fr\/wp-json\/wp\/v2\/users\/2"}],"replies":[{"embeddable":true,"href":"https:\/\/www.wilhelmy.ca\/fr\/wp-json\/wp\/v2\/comments?post=334"}],"version-history":[{"count":1,"href":"https:\/\/www.wilhelmy.ca\/fr\/wp-json\/wp\/v2\/posts\/334\/revisions"}],"predecessor-version":[{"id":4197,"href":"https:\/\/www.wilhelmy.ca\/fr\/wp-json\/wp\/v2\/posts\/334\/revisions\/4197"}],"wp:attachment":[{"href":"https:\/\/www.wilhelmy.ca\/fr\/wp-json\/wp\/v2\/media?parent=334"}],"wp:term":[{"taxonomy":"category","embeddable":true,"href":"https:\/\/www.wilhelmy.ca\/fr\/wp-json\/wp\/v2\/categories?post=334"},{"taxonomy":"post_tag","embeddable":true,"href":"https:\/\/www.wilhelmy.ca\/fr\/wp-json\/wp\/v2\/tags?post=334"}],"curies":[{"name":"wp","href":"https:\/\/api.w.org\/{rel}","templated":true}]}}