

{"id":2942,"date":"2016-04-20T12:52:55","date_gmt":"2016-04-20T16:52:55","guid":{"rendered":"https:\/\/www.wilhelmy.ca\/fr\/?p=2942"},"modified":"2016-11-26T15:39:30","modified_gmt":"2016-11-26T20:39:30","slug":"toute-la-musique-de-takemitsu-pour-guitare-flute-et-guitare-et-flute","status":"publish","type":"post","link":"https:\/\/www.wilhelmy.ca\/fr\/2016\/04\/toute-la-musique-de-takemitsu-pour-guitare-flute-et-guitare-et-flute\/","title":{"rendered":"Concert : Toute la musique de Takemitsu pour guitare, fl\u00fbte et guitare et fl\u00fbte"},"content":{"rendered":"<p align=\"JUSTIFY\"><b><span style=\"font-size: medium;\">Le vendredi 6 mai<\/span><\/b><span style=\"font-family: Calibri,Calibri; font-size: medium;\">, un rendez-vous aux Jeunesses musicales pour assister \u00e0 un vibrant hommage au feu compositeur <\/span><b><span style=\"font-size: medium;\">Toru Takemitsu<\/span><\/b><span style=\"font-family: Calibri,Calibri; font-size: medium;\">. <\/span><\/p>\n<p align=\"JUSTIFY\"><span style=\"font-family: Calibri,Calibri; font-size: medium;\"><span style=\"font-family: Calibri,Calibri; font-size: medium;\">Comm\u00e9morant le 20e anniversaire de sa mort, le guitariste <\/span><\/span><b><span style=\"font-size: medium;\">J\u00e9r\u00f4me Ducharme <\/span><\/b><span style=\"font-family: Calibri,Calibri; font-size: medium;\"><span style=\"font-family: Calibri,Calibri; font-size: medium;\">et <\/span><\/span><b><span style=\"font-size: medium;\">Yuki Isami<\/span><\/b><span style=\"font-family: Calibri,Calibri; font-size: medium;\"><span style=\"font-family: Calibri,Calibri; font-size: medium;\">, fl\u00fbtiste sp\u00e9cialis\u00e9e dans la musique de son pays d\u2019origine, le Japon, pr\u00e9senteront un r\u00e9cital de l\u2019int\u00e9grale des oeuvres du compositeur japonais. Ce dernier affectionnant particuli\u00e8rement la guitare, il avait \u00e9crit plusieurs oeuvres pour l\u2019instrument, de 1974 jusqu\u2019\u00e0 la fin de sa vie. <\/span><\/span><\/p>\n<p align=\"JUSTIFY\"><span style=\"font-family: Calibri,Calibri; font-size: medium;\"><span style=\"font-family: Calibri,Calibri; font-size: medium;\">Sur proposition de J\u00e9r\u00f4me Ducharme, ce programme original d\u2019un peu plus de soixante minutes sera compl\u00e9t\u00e9 par une oeuvre de musique de chambre, ainsi que trois pi\u00e8ces pour fl\u00fbte seule. Le guitariste et sa partenaire ponctueront le r\u00e9cital par le duo pour fl\u00fbte et guitare <\/span><\/span><i><span style=\"font-family: Calibri,Calibri; font-size: medium;\"><span style=\"font-family: Calibri,Calibri; font-size: medium;\">Toward the Sea<\/span><\/span><\/i><span style=\"font-family: Calibri,Calibri; font-size: medium;\"><span style=\"font-family: Calibri,Calibri; font-size: medium;\">.<\/span><\/span><\/p>\n<p align=\"JUSTIFY\">Programme (sous r\u00e9serve de modification):<\/p>\n<p>A Piece for Guitar (1991)<br \/>\nAir (1995)<br \/>\nFolios I, II, III (1974)<br \/>\nVoice (1971)<br \/>\nEquinox (1993)<br \/>\nItinerant (1989)<br \/>\nAll in Twilight I, II, III, IV (1988)<br \/>\nIn the Woods I, II, III (1995)<br \/>\nToward the Sea I, II, III (1981)<\/p>\n<p><a href=\"https:\/\/www.wilhelmy.ca\/fr\/wp-content\/uploads\/2016\/04\/Ducharme-Isami-date.jpg\" rel=\"lightbox[2942]\"><img class=\"margin-left: 30px; padding-right:30px !important; alignleft wp-image-2947 size-full\" data-src=\"https:\/\/www.wilhelmy.ca\/fr\/wp-content\/uploads\/2016\/04\/Ducharme-Isami-date.jpg\" alt=\"Ducharme-Isami-date\" width=\"378\" height=\"415\" \/><\/a><a href=\"https:\/\/www.wilhelmy.ca\/fr\/wp-content\/uploads\/2016\/04\/Ducharme-Isami.jpg\" rel=\"lightbox[2942]\"><img class=\"margin-left:50px; alignleft wp-image-2944 size-full\" data-src=\"https:\/\/www.wilhelmy.ca\/fr\/wp-content\/uploads\/2016\/04\/Ducharme-Isami.jpg\" alt=\"Ducharme-Isami\" width=\"215\" height=\"599\" \/><\/a><\/p>\n<p>&nbsp;<\/p>\n","protected":false},"excerpt":{"rendered":"<p>Le vendredi 6 mai, un rendez-vous aux Jeunesses musicales pour assister \u00e0 un vibrant hommage au feu compositeur Toru Takemitsu. Comm\u00e9morant le 20e anniversaire de sa mort, le guitariste J\u00e9r\u00f4me Ducharme et Yuki Isami, fl\u00fbtiste sp\u00e9cialis\u00e9e dans la musique de son pays d\u2019origine, le Japon, pr\u00e9senteront un r\u00e9cital de l\u2019int\u00e9grale des oeuvres du compositeur japonais. <\/p>\n","protected":false},"author":2,"featured_media":2943,"comment_status":"closed","ping_status":"closed","sticky":false,"template":"","format":"standard","meta":{"footnotes":""},"categories":[15],"tags":[],"class_list":["post-2942","post","type-post","status-publish","format-standard","has-post-thumbnail","hentry","category-festivals-concerts"],"_links":{"self":[{"href":"https:\/\/www.wilhelmy.ca\/fr\/wp-json\/wp\/v2\/posts\/2942","targetHints":{"allow":["GET"]}}],"collection":[{"href":"https:\/\/www.wilhelmy.ca\/fr\/wp-json\/wp\/v2\/posts"}],"about":[{"href":"https:\/\/www.wilhelmy.ca\/fr\/wp-json\/wp\/v2\/types\/post"}],"author":[{"embeddable":true,"href":"https:\/\/www.wilhelmy.ca\/fr\/wp-json\/wp\/v2\/users\/2"}],"replies":[{"embeddable":true,"href":"https:\/\/www.wilhelmy.ca\/fr\/wp-json\/wp\/v2\/comments?post=2942"}],"version-history":[{"count":3,"href":"https:\/\/www.wilhelmy.ca\/fr\/wp-json\/wp\/v2\/posts\/2942\/revisions"}],"predecessor-version":[{"id":2950,"href":"https:\/\/www.wilhelmy.ca\/fr\/wp-json\/wp\/v2\/posts\/2942\/revisions\/2950"}],"wp:featuredmedia":[{"embeddable":true,"href":"https:\/\/www.wilhelmy.ca\/fr\/wp-json\/wp\/v2\/media\/2943"}],"wp:attachment":[{"href":"https:\/\/www.wilhelmy.ca\/fr\/wp-json\/wp\/v2\/media?parent=2942"}],"wp:term":[{"taxonomy":"category","embeddable":true,"href":"https:\/\/www.wilhelmy.ca\/fr\/wp-json\/wp\/v2\/categories?post=2942"},{"taxonomy":"post_tag","embeddable":true,"href":"https:\/\/www.wilhelmy.ca\/fr\/wp-json\/wp\/v2\/tags?post=2942"}],"curies":[{"name":"wp","href":"https:\/\/api.w.org\/{rel}","templated":true}]}}