

{"id":2899,"date":"2015-11-17T09:51:51","date_gmt":"2015-11-17T14:51:51","guid":{"rendered":"https:\/\/www.wilhelmy.ca\/fr\/?p=2899"},"modified":"2022-04-09T08:51:17","modified_gmt":"2022-04-09T13:51:17","slug":"alvaro-pierri-dans-un-concert-benefice-pour-le-musee-des-ondes-emile-berliner","status":"publish","type":"post","link":"https:\/\/www.wilhelmy.ca\/fr\/2015\/11\/alvaro-pierri-dans-un-concert-benefice-pour-le-musee-des-ondes-emile-berliner\/","title":{"rendered":"Alvaro Pierri dans un concert b\u00e9n\u00e9fice pour le Mus\u00e9e des ondes \u00c9mile Berliner"},"content":{"rendered":"<p><a href=\"https:\/\/www.wilhelmy.ca\/fr\/wp-content\/uploads\/2015\/11\/mo.png\" rel=\"lightbox[2899]\"><img class=\"alignnone size-full wp-image-2901\" data-src=\"https:\/\/www.wilhelmy.ca\/fr\/wp-content\/uploads\/2015\/11\/mo.png\" alt=\"Mus\u00e9e des ondes \u00c9mile Berliner\" width=\"154\" height=\"109\" \/><\/a><\/p>\n<p>Le Mus\u00e9e des ondes \u00c9mile Berliner, d\u00e9di\u00e9 \u00e0 l&rsquo;histoire illustre dans l&rsquo;enregistrement sonore \u00e0 Montreal, est fier de pr\u00e9senter le c\u00e9l\u00e8bre guitariste Uruguayen, Alvaro Pierri dans un concert b\u00e9n\u00e9fice pour le Mus\u00e9e dimanche le 29 novembre \u00e0 16h.<\/p>\n<p>Le concert aura lieu dans le studio historique \u00ab\u00a0Studio A\u00a0\u00bb du Studio Victor, construit par RCA dans les ann\u00e9es 40s.<\/p>\n<p>A la suite du concert, les invit\u00e9s auront l&rsquo;occasion de rencontrer maestro Pierri \u00e0 une r\u00e9ception o\u00f9 il y aura du caf\u00e9, des fromages, des sandwichs et des crudit\u00e9s.<\/p>\n<p>L&rsquo;espace est limit\u00e9 \u00e0 seulement 50 personnes. Le prix des billets est de 100$ et on donne un re\u00e7u de bienfaisance de 80$.<\/p>\n<p>Pour des amateurs de la guitare classique, cela sera une exp\u00e9rience inoubliable.<\/p>\n<p>Des billets son disponibles \u00e0 travers le site web du mus\u00e9e via PayPal.<\/p>\n<p><a href=\"http:\/\/moeb.ca\/nouvelles\">http:\/\/moeb.ca\/nouvelles <\/a><\/p>\n<p>Pour de plus amples informations contactez Tim Hewlings au 514-979-1477<br \/>\nou <a href=\"mailto:tim.hewlings@icloud.com\">tim.hewlings@icloud.com<\/a><\/p>\n","protected":false},"excerpt":{"rendered":"<p>Le Mus\u00e9e des ondes \u00c9mile Berliner, d\u00e9di\u00e9 \u00e0 l&rsquo;histoire illustre dans l&rsquo;enregistrement sonore \u00e0 Montreal, est fier de pr\u00e9senter le c\u00e9l\u00e8bre guitariste Uruguayen, Alvaro Pierri dans un concert b\u00e9n\u00e9fice pour le Mus\u00e9e dimanche le 29 novembre \u00e0 16h. Le concert aura lieu dans le studio historique \u00ab\u00a0Studio A\u00a0\u00bb du Studio Victor, construit par RCA dans <\/p>\n","protected":false},"author":2,"featured_media":2900,"comment_status":"closed","ping_status":"closed","sticky":false,"template":"","format":"standard","meta":{"footnotes":""},"categories":[15],"tags":[],"class_list":["post-2899","post","type-post","status-publish","format-standard","has-post-thumbnail","hentry","category-festivals-concerts"],"_links":{"self":[{"href":"https:\/\/www.wilhelmy.ca\/fr\/wp-json\/wp\/v2\/posts\/2899","targetHints":{"allow":["GET"]}}],"collection":[{"href":"https:\/\/www.wilhelmy.ca\/fr\/wp-json\/wp\/v2\/posts"}],"about":[{"href":"https:\/\/www.wilhelmy.ca\/fr\/wp-json\/wp\/v2\/types\/post"}],"author":[{"embeddable":true,"href":"https:\/\/www.wilhelmy.ca\/fr\/wp-json\/wp\/v2\/users\/2"}],"replies":[{"embeddable":true,"href":"https:\/\/www.wilhelmy.ca\/fr\/wp-json\/wp\/v2\/comments?post=2899"}],"version-history":[{"count":1,"href":"https:\/\/www.wilhelmy.ca\/fr\/wp-json\/wp\/v2\/posts\/2899\/revisions"}],"predecessor-version":[{"id":2902,"href":"https:\/\/www.wilhelmy.ca\/fr\/wp-json\/wp\/v2\/posts\/2899\/revisions\/2902"}],"wp:featuredmedia":[{"embeddable":true,"href":"https:\/\/www.wilhelmy.ca\/fr\/wp-json\/wp\/v2\/media\/2900"}],"wp:attachment":[{"href":"https:\/\/www.wilhelmy.ca\/fr\/wp-json\/wp\/v2\/media?parent=2899"}],"wp:term":[{"taxonomy":"category","embeddable":true,"href":"https:\/\/www.wilhelmy.ca\/fr\/wp-json\/wp\/v2\/categories?post=2899"},{"taxonomy":"post_tag","embeddable":true,"href":"https:\/\/www.wilhelmy.ca\/fr\/wp-json\/wp\/v2\/tags?post=2899"}],"curies":[{"name":"wp","href":"https:\/\/api.w.org\/{rel}","templated":true}]}}