

{"id":273,"date":"2011-01-31T09:56:38","date_gmt":"2011-01-31T14:56:38","guid":{"rendered":"https:\/\/www.wilhelmy.ca\/wordpress\/?p=273"},"modified":"2016-11-27T21:34:07","modified_gmt":"2016-11-28T02:34:07","slug":"festival-guitare-alla-grande","status":"publish","type":"post","link":"https:\/\/www.wilhelmy.ca\/fr\/2011\/01\/festival-guitare-alla-grande\/","title":{"rendered":"\u00abGuitare Alla Grande\u00bb"},"content":{"rendered":"<p>Du 10 au 13 f\u00e9vrier aura lieu\u00a0ce festival de guitare\u00a0\u00e0 Gatineau-Ottawa. Le dimanche de 11h \u00e0 14h, \u00e7a sera\u00a0l&rsquo;\u00abExposition des luthiers\u00bb. Je serai pr\u00e9sent avec une guitare neuve, et il me fera plaisir de vous rencontrer!<\/p>\n<p>Quelques d\u00e9tails:<\/p>\n<p>Directeur artistique : Patrick Roux<br \/>\nArtistes invit\u00e9s : Odair Assad (Br\u00e9sil)<br \/>\nJohn Alac (Canada)<br \/>\nDavid Jacques (Canada)<br \/>\nDenis Poliquin (Canada)<\/p>\n<p>Adresses et coordonn\u00e9es :<br \/>\n&#8211;<br \/>\nConservatoire de musique de Gatineau<br \/>\n(430, boul. Alexandre-Tach\u00e9, Gatineau) 819 772-3283<br \/>\n&#8211;<br \/>\nD\u00e9partement de musique de l\u2019Universit\u00e9 d\u2019Ottawa<br \/>\n(610, Cumberland, Ottawa) 613 562-5733<br \/>\n&#8211;<br \/>\nPavillon Tabaret de l\u2019Universit\u00e9 d\u2019Ottawa<br \/>\n(550, Cumberland, Ottawa)<\/p>\n","protected":false},"excerpt":{"rendered":"<p>Du 10 au 13 f\u00e9vrier aura lieu\u00a0ce festival de guitare\u00a0\u00e0 Gatineau-Ottawa. Le dimanche de 11h \u00e0 14h, \u00e7a sera\u00a0l&rsquo;\u00abExposition des luthiers\u00bb. Je serai pr\u00e9sent avec une guitare neuve, et il me fera plaisir de vous rencontrer! Quelques d\u00e9tails: Directeur artistique : Patrick Roux Artistes invit\u00e9s : Odair Assad (Br\u00e9sil) John Alac (Canada) David Jacques (Canada) <\/p>\n","protected":false},"author":2,"featured_media":0,"comment_status":"closed","ping_status":"closed","sticky":false,"template":"","format":"standard","meta":{"footnotes":""},"categories":[15],"tags":[],"class_list":["post-273","post","type-post","status-publish","format-standard","hentry","category-festivals-concerts"],"_links":{"self":[{"href":"https:\/\/www.wilhelmy.ca\/fr\/wp-json\/wp\/v2\/posts\/273","targetHints":{"allow":["GET"]}}],"collection":[{"href":"https:\/\/www.wilhelmy.ca\/fr\/wp-json\/wp\/v2\/posts"}],"about":[{"href":"https:\/\/www.wilhelmy.ca\/fr\/wp-json\/wp\/v2\/types\/post"}],"author":[{"embeddable":true,"href":"https:\/\/www.wilhelmy.ca\/fr\/wp-json\/wp\/v2\/users\/2"}],"replies":[{"embeddable":true,"href":"https:\/\/www.wilhelmy.ca\/fr\/wp-json\/wp\/v2\/comments?post=273"}],"version-history":[{"count":1,"href":"https:\/\/www.wilhelmy.ca\/fr\/wp-json\/wp\/v2\/posts\/273\/revisions"}],"predecessor-version":[{"id":4198,"href":"https:\/\/www.wilhelmy.ca\/fr\/wp-json\/wp\/v2\/posts\/273\/revisions\/4198"}],"wp:attachment":[{"href":"https:\/\/www.wilhelmy.ca\/fr\/wp-json\/wp\/v2\/media?parent=273"}],"wp:term":[{"taxonomy":"category","embeddable":true,"href":"https:\/\/www.wilhelmy.ca\/fr\/wp-json\/wp\/v2\/categories?post=273"},{"taxonomy":"post_tag","embeddable":true,"href":"https:\/\/www.wilhelmy.ca\/fr\/wp-json\/wp\/v2\/tags?post=273"}],"curies":[{"name":"wp","href":"https:\/\/api.w.org\/{rel}","templated":true}]}}