

{"id":2727,"date":"2014-09-15T09:58:43","date_gmt":"2014-09-15T13:58:43","guid":{"rendered":"https:\/\/www.wilhelmy.ca\/fr\/?p=2727"},"modified":"2018-11-19T18:15:11","modified_gmt":"2018-11-19T23:15:11","slug":"transformation-cedre-a-epinette","status":"publish","type":"post","link":"https:\/\/www.wilhelmy.ca\/fr\/2014\/09\/transformation-cedre-a-epinette\/","title":{"rendered":"Transformation : de c\u00e8dre 1995 \u00e0 \u00e9pinette 2006"},"content":{"rendered":"<p>\u00c0 l&rsquo;hiver\u00a02005, J\u00e9r\u00f4me Ducharme prit possession d&rsquo;une nouvelle guitare, avec table\u00a0en c\u00e8dre &amp; caisse en palissandre Jacaranda, avec laquelle il remportait \u00e0 l&rsquo;automne de la m\u00eame ann\u00e9e le concours de la GFA.<br \/>\nPour ma part, je repris, en autre, possession de celle fabriqu\u00e9e 10 ann\u00e9es plus t\u00f4t, celle-ci\u00a0ayant une table en c\u00e8dre et une caisse d&rsquo;une belle essence d&rsquo;Am\u00e9rique centrale. Comme je n&rsquo;avais pas encore fabriqu\u00e9 une guitare du mod\u00e8le \u00abMorency\u00bb utilisant une table en \u00e9pinette, je d\u00e9cidai d&rsquo;utiliser cette 1995 pour lui substituer une nouvelle table, \u00a0en \u00e9pinette Allemande datant d&rsquo;au moins 25 ann\u00e9es, et ce avec mes derni\u00e8res nouveaut\u00e9s et adaptations; soit le barrage \u00abMorency\u00bb.<br \/>\nLe r\u00e9sultat f\u00fbt tr\u00e8s concluant, et la guitare acquise par Alvaro Pierri.<\/p>\n<p>&nbsp;<\/p>\n<div id='gallery-1' class='gallery galleryid-2727 gallery-columns-2 gallery-size-thumbnail'><figure class='gallery-item'>\n\t\t\t<div class='gallery-icon landscape'>\n\t\t\t\t<a href='https:\/\/www.wilhelmy.ca\/fr\/wp-content\/uploads\/2012\/09\/2006-Pierri-3.jpg' rel=\"lightbox[2727]\"><img width=\"360\" height=\"240\" class=\"attachment-thumbnail size-thumbnail\" alt=\"\" data-src=\"https:\/\/www.wilhelmy.ca\/fr\/wp-content\/uploads\/2012\/09\/2006-Pierri-3-360x240.jpg\" \/><\/a>\n\t\t\t<\/div><\/figure><figure class='gallery-item'>\n\t\t\t<div class='gallery-icon landscape'>\n\t\t\t\t<a href='https:\/\/www.wilhelmy.ca\/fr\/wp-content\/uploads\/2012\/09\/2006-Pierri-4.jpg' rel=\"lightbox[2727]\"><img width=\"360\" height=\"240\" class=\"attachment-thumbnail size-thumbnail\" alt=\"\" data-src=\"https:\/\/www.wilhelmy.ca\/fr\/wp-content\/uploads\/2012\/09\/2006-Pierri-4-360x240.jpg\" \/><\/a>\n\t\t\t<\/div><\/figure><figure class='gallery-item'>\n\t\t\t<div class='gallery-icon landscape'>\n\t\t\t\t<a href='https:\/\/www.wilhelmy.ca\/fr\/wp-content\/uploads\/2012\/09\/2006-Pierri-1.jpg' rel=\"lightbox[2727]\"><img width=\"360\" height=\"240\" class=\"attachment-thumbnail size-thumbnail\" alt=\"\" data-src=\"https:\/\/www.wilhelmy.ca\/fr\/wp-content\/uploads\/2012\/09\/2006-Pierri-1-360x240.jpg\" \/><\/a>\n\t\t\t<\/div><\/figure><figure class='gallery-item'>\n\t\t\t<div class='gallery-icon landscape'>\n\t\t\t\t<a href='https:\/\/www.wilhelmy.ca\/fr\/wp-content\/uploads\/2012\/09\/2006-Pierri-2.jpg' rel=\"lightbox[2727]\"><img width=\"360\" height=\"240\" class=\"attachment-thumbnail size-thumbnail\" alt=\"\" data-src=\"https:\/\/www.wilhelmy.ca\/fr\/wp-content\/uploads\/2012\/09\/2006-Pierri-2-360x240.jpg\" \/><\/a>\n\t\t\t<\/div><\/figure>\n\t\t<\/div>\n\n","protected":false},"excerpt":{"rendered":"<p>\u00c0 l&rsquo;hiver\u00a02005, J\u00e9r\u00f4me Ducharme prit possession d&rsquo;une nouvelle guitare, avec table\u00a0en c\u00e8dre &amp; caisse en palissandre Jacaranda, avec laquelle il remportait \u00e0 l&rsquo;automne de la m\u00eame ann\u00e9e le concours de la GFA. Pour ma part, je repris, en autre, possession de celle fabriqu\u00e9e 10 ann\u00e9es plus t\u00f4t, celle-ci\u00a0ayant une table en c\u00e8dre et une caisse <\/p>\n","protected":false},"author":2,"featured_media":2737,"comment_status":"closed","ping_status":"closed","sticky":false,"template":"","format":"standard","meta":{"footnotes":""},"categories":[66],"tags":[],"class_list":["post-2727","post","type-post","status-publish","format-standard","has-post-thumbnail","hentry","category-lutherie-rw"],"_links":{"self":[{"href":"https:\/\/www.wilhelmy.ca\/fr\/wp-json\/wp\/v2\/posts\/2727","targetHints":{"allow":["GET"]}}],"collection":[{"href":"https:\/\/www.wilhelmy.ca\/fr\/wp-json\/wp\/v2\/posts"}],"about":[{"href":"https:\/\/www.wilhelmy.ca\/fr\/wp-json\/wp\/v2\/types\/post"}],"author":[{"embeddable":true,"href":"https:\/\/www.wilhelmy.ca\/fr\/wp-json\/wp\/v2\/users\/2"}],"replies":[{"embeddable":true,"href":"https:\/\/www.wilhelmy.ca\/fr\/wp-json\/wp\/v2\/comments?post=2727"}],"version-history":[{"count":3,"href":"https:\/\/www.wilhelmy.ca\/fr\/wp-json\/wp\/v2\/posts\/2727\/revisions"}],"predecessor-version":[{"id":2834,"href":"https:\/\/www.wilhelmy.ca\/fr\/wp-json\/wp\/v2\/posts\/2727\/revisions\/2834"}],"wp:featuredmedia":[{"embeddable":true,"href":"https:\/\/www.wilhelmy.ca\/fr\/wp-json\/wp\/v2\/media\/2737"}],"wp:attachment":[{"href":"https:\/\/www.wilhelmy.ca\/fr\/wp-json\/wp\/v2\/media?parent=2727"}],"wp:term":[{"taxonomy":"category","embeddable":true,"href":"https:\/\/www.wilhelmy.ca\/fr\/wp-json\/wp\/v2\/categories?post=2727"},{"taxonomy":"post_tag","embeddable":true,"href":"https:\/\/www.wilhelmy.ca\/fr\/wp-json\/wp\/v2\/tags?post=2727"}],"curies":[{"name":"wp","href":"https:\/\/api.w.org\/{rel}","templated":true}]}}