

{"id":9897,"date":"2023-11-28T09:59:20","date_gmt":"2023-11-28T13:59:20","guid":{"rendered":"https:\/\/www.wilhelmy.ca\/fr\/2023\/11\/recording-session-with-jerome-ducharme-september-12th-2023\/"},"modified":"2024-08-12T14:00:31","modified_gmt":"2024-08-12T18:00:31","slug":"recording-session-with-jerome-ducharme-september-12th-2023","status":"publish","type":"post","link":"https:\/\/www.wilhelmy.ca\/fr\/en\/2023\/11\/recording-session-with-jerome-ducharme-september-12th-2023\/","title":{"rendered":"Recording session with J\u00e9r\u00f4me Ducharme &#8211; September 12, 2023"},"content":{"rendered":"<p>I had the pleasure of welcoming guitarist J\u00e9r\u00f4me Ducharme for another recording session with his 2015 guitar.<br \/>\nThree pieces comprising a total of 6 movements and videos were gradually made available over the course of the autumn, in a precise order suggested by J\u00e9r\u00f4me.<br \/>\nOn the program: Mauro Giuliani&#8217;s &#8220;Sonate brillante&#8221; op.<br \/>\n15 by Mauro Giuliani, &#8220;Les ann\u00e9es syncop\u00e9es&#8221; by guitarist\/composer Renaud C\u00f4t\u00e9-Gigu\u00e8re, and finally a movement from Gulli Bj\u00f6rnsson&#8217;s &#8220;LANDSL\u00d6G&#8221; suite.<br \/>\nWe had the wonderful patronage of &#8220;Les Productions d&#8217;OZ&#8221; for the publication on their channels of the 2 movements\/videos of Renaud C\u00f4t\u00e9-Gigu\u00e8re&#8217;s piece.<br \/>\nHere is the series of 6 videos in order of release.<br \/>\nEnjoy your listening!        <\/p>\n<div class=\"video-container\"><iframe loading=\"lazy\" title=\"YouTube video player\" src=\"https:\/\/www.youtube.com\/embed\/WP_3nrll_0o?si=RSnETV7gnkX6Ugfv\" width=\"560\" height=\"315\" frameborder=\"0\" allowfullscreen=\"allowfullscreen\"><\/iframe><\/div>\n<div class=\"video-container\"><iframe loading=\"lazy\" title=\"YouTube video player\" src=\"https:\/\/www.youtube.com\/embed\/XvOPJjAyndc?si=Vp8UTfIelZEJM5xL\" width=\"560\" height=\"315\" frameborder=\"0\" allowfullscreen=\"allowfullscreen\"><\/iframe><\/div>\n<div class=\"video-container\"><iframe loading=\"lazy\" title=\"YouTube video player\" src=\"https:\/\/www.youtube.com\/embed\/bPQRySXl81Q?si=D8Y69nJYQorIJHZx\" width=\"560\" height=\"315\" frameborder=\"0\" allowfullscreen=\"allowfullscreen\"><\/iframe><\/div>\n<div class=\"video-container\"><iframe loading=\"lazy\" title=\"YouTube video player\" src=\"https:\/\/www.youtube.com\/embed\/mO7bIns6XNw?si=qQNUEmim7XPReRWs\" width=\"560\" height=\"315\" frameborder=\"0\" allowfullscreen=\"allowfullscreen\"><\/iframe><\/div>\n<div class=\"video-container\"><iframe loading=\"lazy\" title=\"YouTube video player\" src=\"https:\/\/www.youtube.com\/embed\/ykg4feiiSO4?si=0CVk9WhpaPjBmGiA\" width=\"560\" height=\"315\" frameborder=\"0\" allowfullscreen=\"allowfullscreen\"><\/iframe><\/div>\n<div class=\"video-container\"><iframe loading=\"lazy\" title=\"YouTube video player\" src=\"https:\/\/www.youtube.com\/embed\/LfD0EygXfnI?si=YLHn8rWRM-Fkq2fs\" width=\"560\" height=\"315\" frameborder=\"0\" allowfullscreen=\"allowfullscreen\"><\/iframe><\/div>\n","protected":false},"excerpt":{"rendered":"<p>I had the pleasure of welcoming guitarist J\u00e9r\u00f4me Ducharme for another recording session with his 2015 guitar. Three pieces comprising a total of 6 movements and videos were gradually made available over the course of the autumn, in a precise order suggested by J\u00e9r\u00f4me. On the program: Mauro Giuliani&#8217;s &#8220;Sonate brillante&#8221; op. 15 by Mauro <\/p>\n","protected":false},"author":2,"featured_media":9895,"comment_status":"closed","ping_status":"closed","sticky":false,"template":"","format":"standard","meta":{"footnotes":""},"categories":[61],"tags":[],"class_list":["post-9897","post","type-post","status-publish","format-standard","has-post-thumbnail","hentry","category-series-videos-en"],"_links":{"self":[{"href":"https:\/\/www.wilhelmy.ca\/fr\/en\/wp-json\/wp\/v2\/posts\/9897","targetHints":{"allow":["GET"]}}],"collection":[{"href":"https:\/\/www.wilhelmy.ca\/fr\/en\/wp-json\/wp\/v2\/posts"}],"about":[{"href":"https:\/\/www.wilhelmy.ca\/fr\/en\/wp-json\/wp\/v2\/types\/post"}],"author":[{"embeddable":true,"href":"https:\/\/www.wilhelmy.ca\/fr\/en\/wp-json\/wp\/v2\/users\/2"}],"replies":[{"embeddable":true,"href":"https:\/\/www.wilhelmy.ca\/fr\/en\/wp-json\/wp\/v2\/comments?post=9897"}],"version-history":[{"count":3,"href":"https:\/\/www.wilhelmy.ca\/fr\/en\/wp-json\/wp\/v2\/posts\/9897\/revisions"}],"predecessor-version":[{"id":9906,"href":"https:\/\/www.wilhelmy.ca\/fr\/en\/wp-json\/wp\/v2\/posts\/9897\/revisions\/9906"}],"wp:featuredmedia":[{"embeddable":true,"href":"https:\/\/www.wilhelmy.ca\/fr\/en\/wp-json\/wp\/v2\/media\/9895"}],"wp:attachment":[{"href":"https:\/\/www.wilhelmy.ca\/fr\/en\/wp-json\/wp\/v2\/media?parent=9897"}],"wp:term":[{"taxonomy":"category","embeddable":true,"href":"https:\/\/www.wilhelmy.ca\/fr\/en\/wp-json\/wp\/v2\/categories?post=9897"},{"taxonomy":"post_tag","embeddable":true,"href":"https:\/\/www.wilhelmy.ca\/fr\/en\/wp-json\/wp\/v2\/tags?post=9897"}],"curies":[{"name":"wp","href":"https:\/\/api.w.org\/{rel}","templated":true}]}}